{"id":5201,"date":"2021-04-13T14:53:10","date_gmt":"2021-04-13T12:53:10","guid":{"rendered":"http:\/\/www.fundaciolluiscoromina.org\/?p=5201"},"modified":"2021-04-13T14:53:10","modified_gmt":"2021-04-13T12:53:10","slug":"visita-guiada-a-la-xxii-biennal-dart-contemporani-catala","status":"publish","type":"post","link":"http:\/\/fundaciolluiscoromina.org\/index.php\/2021\/04\/13\/visita-guiada-a-la-xxii-biennal-dart-contemporani-catala\/","title":{"rendered":"Visita guiada a la XXII Biennal d&#8217;Art Contemporani Catal\u00e0"},"content":{"rendered":"<p>La Fundaci\u00f3 Llu\u00eds Coromina inicia un circuit de visites guiades de car\u00e0cter pedag\u00f2gic per tal de con\u00e8ixer i contemplar les obres de la mostra XXII Biennal d&#8217;Art Contemporani Catal\u00e0, exposada a l&#8217;Espai Isern Dalmau de Barcelona. La primera d&#8217;aquestes visites tindr\u00e0 lloc aquest dissabte 17 d&#8217;abril a les 12 h i comptar\u00e0 amb la pres\u00e8ncia de l&#8217;artista Lourdes Fisa i el curador de l&#8217;exposici\u00f3 Josep Canals.<\/p>\n<p>La visita guiada s&#8217;iniciar\u00e0 amb la contemplaci\u00f3 de la fa\u00e7ana de l&#8217;edifici de l&#8217;Espai Isern Dalmau. Tot seguit es descobriran els diferents espais de <em>coworking<\/em>, fins arribar a la sala on s&#8217;exposa la mostra de la Biennal, organitzada per la galeria d&#8217;art Canals, Bonart Cultural i la Fundaci\u00f3 LLu\u00eds Coromina.<\/p>\n<p>La Biennal d&#8217;Art Contemporani Catal\u00e0 d&#8217;enguany vol ser un homenatge als 591 artistes que han exposat durant les vint-i-dues edicions, i est\u00e0 composta per dues vessants art\u00edstiques: una selecci\u00f3 de diferents obres de petit i mitj\u00e0 format de m\u00e9s d&#8217;una desena d&#8217;autors i artistes, i la projecci\u00f3 d&#8217;un\u00a0v\u00eddeo art\u00edstic de l\u2019artista Joan Fontcuberta, que\u00a0reflecteix l\u2019obra del m\u00e9s de mig miler d&#8217;artistes que han format part de l\u2019exposici\u00f3 des de l\u2019any 1977.<\/p>\n<p>La visita guiada a la Biennal tindr\u00e0 lloc aquest <strong>dissabte 17 d&#8217;abril a les 12 h, i estar\u00e0 limitada a un grup redu\u00eft de 10 persones<\/strong>. Les persones interessades en assistir-hi poden reservar la seva pla\u00e7a enviant un correu electr\u00f2nic a <a href=\"http:\/\/jsola@fundaciolluiscoromina.cat\">jsola@fundaciolluiscoromina.cat<\/a>.<\/p>\n","protected":false},"excerpt":{"rendered":"<p>La Fundaci\u00f3 Llu\u00eds Coromina inicia un circuit de visites guiades de car\u00e0cter pedag\u00f2gic per tal de con\u00e8ixer i contemplar les &#8230;<\/p>\n","protected":false},"author":2,"featured_media":5204,"comment_status":"open","ping_status":"open","sticky":false,"template":"","format":"standard","meta":{"footnotes":""},"categories":[14,15,10,228,9,12],"tags":[],"class_list":["post-5201","post","type-post","status-publish","format-standard","has-post-thumbnail","hentry","category-accions-culturals","category-accions-socials","category-activitats","category-exposicions-espai-isern-dalmau","category-historic","category-publicacions"],"_links":{"self":[{"href":"http:\/\/fundaciolluiscoromina.org\/index.php\/wp-json\/wp\/v2\/posts\/5201","targetHints":{"allow":["GET"]}}],"collection":[{"href":"http:\/\/fundaciolluiscoromina.org\/index.php\/wp-json\/wp\/v2\/posts"}],"about":[{"href":"http:\/\/fundaciolluiscoromina.org\/index.php\/wp-json\/wp\/v2\/types\/post"}],"author":[{"embeddable":true,"href":"http:\/\/fundaciolluiscoromina.org\/index.php\/wp-json\/wp\/v2\/users\/2"}],"replies":[{"embeddable":true,"href":"http:\/\/fundaciolluiscoromina.org\/index.php\/wp-json\/wp\/v2\/comments?post=5201"}],"version-history":[{"count":0,"href":"http:\/\/fundaciolluiscoromina.org\/index.php\/wp-json\/wp\/v2\/posts\/5201\/revisions"}],"wp:attachment":[{"href":"http:\/\/fundaciolluiscoromina.org\/index.php\/wp-json\/wp\/v2\/media?parent=5201"}],"wp:term":[{"taxonomy":"category","embeddable":true,"href":"http:\/\/fundaciolluiscoromina.org\/index.php\/wp-json\/wp\/v2\/categories?post=5201"},{"taxonomy":"post_tag","embeddable":true,"href":"http:\/\/fundaciolluiscoromina.org\/index.php\/wp-json\/wp\/v2\/tags?post=5201"}],"curies":[{"name":"wp","href":"https:\/\/api.w.org\/{rel}","templated":true}]}}