{"id":5214,"date":"2021-04-21T12:17:48","date_gmt":"2021-04-21T10:17:48","guid":{"rendered":"http:\/\/www.fundaciolluiscoromina.org\/?p=5214"},"modified":"2021-04-21T12:17:48","modified_gmt":"2021-04-21T10:17:48","slug":"diada-de-sant-jordi-a-lespai-eat-art-de-banyoles","status":"publish","type":"post","link":"http:\/\/fundaciolluiscoromina.org\/index.php\/2021\/04\/21\/diada-de-sant-jordi-a-lespai-eat-art-de-banyoles\/","title":{"rendered":"Diada de Sant Jordi a l\u2019Espai Eat Art"},"content":{"rendered":"<p>Amb motiu de la celebraci\u00f3 de la diada de Sant Jordi, la Fundaci\u00f3 Llu\u00eds Coromina acull una mostra de peces de l\u2019artista Llu\u00eds Vil\u00e0 als aparadors de l\u2019Espai Eat Art, la qual es podr\u00e0 visitar aquest <strong>divendres 23 d\u2019abril de 10 h a 19 h<\/strong>. Aquesta petita mostra de l\u2019obra de Vil\u00e0 estar\u00e0 complementada per una selecci\u00f3 dels llibres en qu\u00e8 la Fundaci\u00f3 ha col\u00b7laborat durant els \u00faltims mesos. Entre molts altres, alguns dels exemplars que es podran veure als aparadors de l\u2019espai de la Pla\u00e7a Major de Banyoles s\u00f3n el llibre <em>El passat es projecta en el futur i el futur es recolza en el passat<\/em>, la publicaci\u00f3 de commemoraci\u00f3 dels 100 anys d\u2019hist\u00f2ria de TEISA; <em>SOM Can Xap<\/em>es, el llibre d\u2019alta gastronomia sobre l\u2019emblem\u00e0tic restaurant Can Xapes de Cornell\u00e0 del Terri; la publicaci\u00f3 fotogr\u00e0fica <em>Pandemia. Miradas de una tragedia<\/em>\u00a0de l\u2019editorial Blume, o <em>CurArte. 40 a\u00f1os fotografiando la sanidad espa\u00f1ola<\/em> del fot\u00f2graf Tino Soriano.<\/p>\n<p>&nbsp;<\/p>\n<p><strong>Llu\u00eds Vil\u00e0<\/strong><\/p>\n<p>Nascut a Banyoles l\u2019any 1952, Llu\u00eds Vil\u00e0 i fou un artista catal\u00e0 amb una \u00e0mplia traject\u00f2ria en pintura, escultura i disseny. El seu treball va destacar en els corrents conceptuals i art\u00edstics de <em>l\u2019eat art<\/em> i <em>l\u2019art fungdible<\/em>, i la seva obra es caracteritzava per peces d\u2019artesania popular vinculades a l\u2019art contemporani. L&#8217;art de Llu\u00eds Vil\u00e0 feia refer\u00e8ncia continuament al menjar com a paradigma del consum, fet que van condicionar considerablement la seva traject\u00f2ria art\u00edstica i el van dur a tenir una posici\u00f3 cr\u00edtica del m\u00f3n que l&#8217;envoltava. Despr\u00e9s de la seva mort l\u2019any 2010, la Fundaci\u00f3 Llu\u00eds Coromina va homenatjar a aquest artista banyol\u00ed anomenant els dos espais situats a la Pla\u00e7a Major del poble: l\u2019Espai Eat Art i l\u2019Espai Llu\u00eds Vil\u00e0.<\/p>\n","protected":false},"excerpt":{"rendered":"<p>Amb motiu de la celebraci\u00f3 de la diada de Sant Jordi, la Fundaci\u00f3 Llu\u00eds Coromina acull una mostra de peces &#8230;<\/p>\n","protected":false},"author":2,"featured_media":5217,"comment_status":"open","ping_status":"open","sticky":false,"template":"","format":"standard","meta":{"footnotes":""},"categories":[14,15,10,17,9,12],"tags":[],"class_list":["post-5214","post","type-post","status-publish","format-standard","has-post-thumbnail","hentry","category-accions-culturals","category-accions-socials","category-activitats","category-exposicions-espai-eat-art","category-historic","category-publicacions"],"_links":{"self":[{"href":"http:\/\/fundaciolluiscoromina.org\/index.php\/wp-json\/wp\/v2\/posts\/5214","targetHints":{"allow":["GET"]}}],"collection":[{"href":"http:\/\/fundaciolluiscoromina.org\/index.php\/wp-json\/wp\/v2\/posts"}],"about":[{"href":"http:\/\/fundaciolluiscoromina.org\/index.php\/wp-json\/wp\/v2\/types\/post"}],"author":[{"embeddable":true,"href":"http:\/\/fundaciolluiscoromina.org\/index.php\/wp-json\/wp\/v2\/users\/2"}],"replies":[{"embeddable":true,"href":"http:\/\/fundaciolluiscoromina.org\/index.php\/wp-json\/wp\/v2\/comments?post=5214"}],"version-history":[{"count":0,"href":"http:\/\/fundaciolluiscoromina.org\/index.php\/wp-json\/wp\/v2\/posts\/5214\/revisions"}],"wp:attachment":[{"href":"http:\/\/fundaciolluiscoromina.org\/index.php\/wp-json\/wp\/v2\/media?parent=5214"}],"wp:term":[{"taxonomy":"category","embeddable":true,"href":"http:\/\/fundaciolluiscoromina.org\/index.php\/wp-json\/wp\/v2\/categories?post=5214"},{"taxonomy":"post_tag","embeddable":true,"href":"http:\/\/fundaciolluiscoromina.org\/index.php\/wp-json\/wp\/v2\/tags?post=5214"}],"curies":[{"name":"wp","href":"https:\/\/api.w.org\/{rel}","templated":true}]}}