{"id":5223,"date":"2021-04-20T10:51:59","date_gmt":"2021-04-20T08:51:59","guid":{"rendered":"http:\/\/www.fundaciolluiscoromina.org\/?p=5223"},"modified":"2021-04-20T10:51:59","modified_gmt":"2021-04-20T08:51:59","slug":"campanya-de-crowdfunding-solidari-a-favor-de-la-fundacio-autisme-mas-casadevall","status":"publish","type":"post","link":"http:\/\/fundaciolluiscoromina.org\/index.php\/2021\/04\/20\/campanya-de-crowdfunding-solidari-a-favor-de-la-fundacio-autisme-mas-casadevall\/","title":{"rendered":"Campanya de \u2018crowdfunding\u2019 solidari a favor de la Fundaci\u00f3 Autisme Mas Casadevall"},"content":{"rendered":"<p>CaixaBank i Fundaci\u00f3 \u00abla Caixa\u00bb han posat en marxa una campanya de micromecenatge (<em>crowdfunding<\/em> solidari) amb l\u2019objectiu de recaptar fons i aconseguir la inversi\u00f3 necess\u00e0ria per ampliar la sala multisensorial i millorar l\u2019atenci\u00f3 als usuraris de la Fundaci\u00f3 Autisme Mas Casadevall. Despr\u00e9s de nombroses col\u00b7laboracions amb aquesta fundaci\u00f3, com les exposicions <em>L\u2019art amb autisme <\/em>(2012) o <em>Andr\u00e9 Ricard i Mas Casadevall: 25 anys de disseny social i autisme<\/em> (2013), la Fundaci\u00f3 Llu\u00eds Coromina se suma a aquesta campanya i convida a tothom a formar-ne part.<\/p>\n<p>Aquesta acci\u00f3 de <em>crowdfunding<\/em> s&#8217;emmarca en el programa F\u00f3rmula Solidaria de Caixabank, una iniciativa que canalitza fons de la Fundaci\u00f3 \u00abla Caixa\u00bb amb l&#8217;objectiu d&#8217;ajudar que les entitats socials disposin de recursos necessaris per seguir treballant en benefici de les persones i col\u00b7lectius m\u00e9s necessitats. D\u2019aquesta forma, CaixaBank ja ha aportat 5.500\u20ac per aconseguir ampliar la sala multisensorial de la Fundaci\u00f3 Autisme Mas Casadevall, un espai que permet la interacci\u00f3 dels seus usuaris amb el medi mitjan\u00e7ant l&#8217;estimulaci\u00f3 dels seus sentits i capacitats. En aquesta sala es treballa a traves de les sensacions i els sentits (visuals, corporals i auditius), ja que constitueixen la principal font de coneixement.<\/p>\n<p>L&#8217;objectiu del <em>crowdfunding<\/em> solidari \u00e9s aconseguir els 2.800\u20ac restants a trav\u00e9s de les aportacions realitzades per part de qualsevol ciutad\u00e0 o empresa que vulgui participar en aquesta iniciativa. Els donatius es poden fer des de les oficines de CaixaBank a la comarca del Pla de l&#8217;Estany, caixers autom\u00e0tics de l&#8217;entitat o a trav\u00e9s de www.caixabank.cat, garantint que el 100% de les aportacions s&#8217;abonaran al projecte. Les oficines des de les quals es pot col\u00b7laborar amb el crowdfunding s\u00f3n les oficines: Store Banyoles i Store Ind\u00fastria de Banyoles, Sarri\u00e0 de Ter, Cornell\u00e0 del Terri i Mata (Porqueres).<\/p>\n<p><strong>Fundaci\u00f3 Autisme Mas Casadevall<\/strong><\/p>\n<p>La Fundaci\u00f3 Autisme Mas Casadevall \u00e9s una entitat d&#8217;iniciativa social que at\u00e9n 38 persones diagnosticades de TEA, Trastorn de l&#8217;Espectre Autista, i altres patologies, amb una discapacitat d&#8217;entre el 65 i 99%. La finalitat de l&#8217;entitat \u00e9s donar suport per la vida i el treball a persones amb TEA per tal d&#8217;atendre a les seves necessitats de tractament m\u00e8dic, sanitari, educatiu i laboral, aix\u00ed com d&#8217;assist\u00e8ncia legal, amb la m\u00e0xima cura a les seves possibilitats socials. La tasca ocupacional que es realitza a Mas Casadevall \u00e9s treballar per a l&#8217;obtenci\u00f3 de productes amb acabats adequats per a la seva promoci\u00f3 en el mercat econ\u00f2mic normalitzat.<\/p>\n","protected":false},"excerpt":{"rendered":"<p>CaixaBank i Fundaci\u00f3 \u00abla Caixa\u00bb han posat en marxa una campanya de micromecenatge (crowdfunding solidari) amb l\u2019objectiu de recaptar fons &#8230;<\/p>\n","protected":false},"author":2,"featured_media":5224,"comment_status":"open","ping_status":"open","sticky":false,"template":"","format":"standard","meta":{"footnotes":""},"categories":[14,15,10,9,12],"tags":[],"class_list":["post-5223","post","type-post","status-publish","format-standard","has-post-thumbnail","hentry","category-accions-culturals","category-accions-socials","category-activitats","category-historic","category-publicacions"],"_links":{"self":[{"href":"http:\/\/fundaciolluiscoromina.org\/index.php\/wp-json\/wp\/v2\/posts\/5223","targetHints":{"allow":["GET"]}}],"collection":[{"href":"http:\/\/fundaciolluiscoromina.org\/index.php\/wp-json\/wp\/v2\/posts"}],"about":[{"href":"http:\/\/fundaciolluiscoromina.org\/index.php\/wp-json\/wp\/v2\/types\/post"}],"author":[{"embeddable":true,"href":"http:\/\/fundaciolluiscoromina.org\/index.php\/wp-json\/wp\/v2\/users\/2"}],"replies":[{"embeddable":true,"href":"http:\/\/fundaciolluiscoromina.org\/index.php\/wp-json\/wp\/v2\/comments?post=5223"}],"version-history":[{"count":0,"href":"http:\/\/fundaciolluiscoromina.org\/index.php\/wp-json\/wp\/v2\/posts\/5223\/revisions"}],"wp:attachment":[{"href":"http:\/\/fundaciolluiscoromina.org\/index.php\/wp-json\/wp\/v2\/media?parent=5223"}],"wp:term":[{"taxonomy":"category","embeddable":true,"href":"http:\/\/fundaciolluiscoromina.org\/index.php\/wp-json\/wp\/v2\/categories?post=5223"},{"taxonomy":"post_tag","embeddable":true,"href":"http:\/\/fundaciolluiscoromina.org\/index.php\/wp-json\/wp\/v2\/tags?post=5223"}],"curies":[{"name":"wp","href":"https:\/\/api.w.org\/{rel}","templated":true}]}}