{"id":5227,"date":"2021-04-29T14:21:29","date_gmt":"2021-04-29T12:21:29","guid":{"rendered":"http:\/\/www.fundaciolluiscoromina.org\/?p=5227"},"modified":"2021-04-29T14:21:29","modified_gmt":"2021-04-29T12:21:29","slug":"maig-noves-activitats-de-la-llibreria-laltell-de-banyoles","status":"publish","type":"post","link":"http:\/\/fundaciolluiscoromina.org\/index.php\/2021\/04\/29\/maig-noves-activitats-de-la-llibreria-laltell-de-banyoles\/","title":{"rendered":"Maig: noves activitats de la llibreria L&#8217;Altell de Banyoles"},"content":{"rendered":"<p>L&#8217;Espai Eat Art de la Fundaci\u00f3 Llu\u00eds Coromina acull noves presentacions i activitats organitzades per la llibreia L\u2019Altell de Banyoles: clubs de lectura, sessions <em>En viu i en directe<\/em> amb diversos autors i altres propostes ben interessants! Com a novetat, aquest mes de maig es dur\u00e0 a terme una sessi\u00f3 <em>En viu i en directe\u00a0<\/em>el divendres 21 de maig en un dels altres espais de la fundaci\u00f3: El Puntal &#8211; Laboratori de les Arts, situat al carrer Girona de Banyoles.<\/p>\n<p>&nbsp;<\/p>\n<p>Dimecres 5 de maig (20:15 h)<\/p>\n<p><b>Club de lectura adult amb <em>El jard\u00ed de vidre<\/em> de Tatiana Tibuleac<\/b><\/p>\n<p><em>Aforament limitat; cal inscripci\u00f3 pr\u00e8via al tel\u00e8fon 972 580 270 o a <a href=\"mailto:laltell@laltell.cat\">laltell@laltell.cat<\/a><\/em><\/p>\n<p><span class=\"\">La petita Lastocika \u00e9s adoptada per una dona soltera i ambiciosa, que sembla voler oferir-li un futur pr\u00f2sper&#8230; O potser l\u2019ha afillat per tal d\u2019aconseguir una col\u00b7laboradora a temps complet que l\u2019ajudi a guanyar-se la vida? En el club de lectura per a adults del dimecres 5 de maig es parlar\u00e0 del llibre\u00a0<em>El jard\u00ed de vidre<\/em>, una hist\u00f2ria en qu\u00e8 la protagonista ha<em>\u00a0<\/em>de donar un cop de m\u00e0 a la seva mare adoptiva per contribuir a la font d\u2019ingressos de la seva nova llar.<\/span><\/p>\n<p><a href=\"http:\/\/www.fundaciolluiscoromina.org\/wp-content\/uploads\/2021\/04\/El-jard\u00ed-de-vidre.jpg\"><img loading=\"lazy\" decoding=\"async\" class=\"alignnone size-medium wp-image-5231\" src=\"http:\/\/www.fundaciolluiscoromina.org\/wp-content\/uploads\/2021\/04\/El-jard\u00ed-de-vidre-200x300.jpg\" alt=\"\" width=\"200\" height=\"300\" \/><\/a><\/p>\n<p>&nbsp;<\/p>\n<p>Dijous 6 de maig (19:30 h)<\/p>\n<p><strong><em>En viu i en directe<\/em> amb Eva Baltasar<\/strong><\/p>\n<p><em>Aforament limitat; inscripci\u00f3 pr\u00e8via a la <a href=\"https:\/\/ja.cat\/BoulderBanyoles\" target=\"_blank\" rel=\"noopener\">p\u00e0gina web d&#8217;\u00d2mnium Cultural &#8211; Pla de l&#8217;Estany<\/a><\/em><\/p>\n<p><span class=\"\">Conversa amb la poeta i escriptora Eva Baltasar, guanyadora del Premi \u00d2mnium a la millor novel\u00b7la de l\u2019any amb el seu \u00faltim llibre<em>\u00a0Boulder<\/em>, i la periodista Berta Artigas.\u00a0Durant l&#8217;activitat, es parlar\u00e0 de l&#8217;aclamada obra i del proc\u00e9s de creaci\u00f3 liter\u00e0ria amb l&#8217;autora.<\/span><\/p>\n<p><a href=\"http:\/\/www.fundaciolluiscoromina.org\/wp-content\/uploads\/2021\/04\/Boulder.jpg\"><img loading=\"lazy\" decoding=\"async\" class=\"alignnone size-medium wp-image-5229\" src=\"http:\/\/www.fundaciolluiscoromina.org\/wp-content\/uploads\/2021\/04\/Boulder-198x300.jpg\" alt=\"\" width=\"198\" height=\"300\" \/><\/a><\/p>\n<p>&nbsp;<\/p>\n<p>Dissabte 8 de maig<\/p>\n<p><strong>Club de lectura Janosch (6-8 anys)<\/strong><\/p>\n<p><em>Aforament complet<\/em><\/p>\n<p><span class=\"\">El Roc es va asseure a la pota del Rigo, els peus no li tocaven a terra.<br class=\"\" \/>\u2014 Imagina\u2019t que fessin un llibre sobre nosaltres! \u2014va dir el Roc, assegut a la pota del lleopard i balancejant els peus.<br class=\"\" \/>El Rigo va somriure:<br class=\"\" \/>\u2014Ai, Roc, un llibre sobre un lleopard i un ratol\u00ed&#8230; no se\u2019l creuria ning\u00fa.<\/span><\/p>\n<p>Club de lectura per a nens de 6 a 8 anys amb el llibre de Lorez Pauli!<\/p>\n<p><a href=\"http:\/\/www.fundaciolluiscoromina.org\/wp-content\/uploads\/2021\/04\/Club-lectura-Janosoch.jpeg\"><img loading=\"lazy\" decoding=\"async\" class=\"alignnone size-medium wp-image-5230\" src=\"http:\/\/www.fundaciolluiscoromina.org\/wp-content\/uploads\/2021\/04\/Club-lectura-Janosoch-201x300.jpeg\" alt=\"\" width=\"201\" height=\"300\" \/><\/a><\/p>\n<p>&nbsp;<\/p>\n<p>Dijous 20 de maig (11:30 h)<\/p>\n<p><strong><em>En viu i en directe<\/em> amb Maite Marc\u00f3 i Eva Gasull<\/strong><\/p>\n<p><em>Inscripci\u00f3 pr\u00e8via al tel\u00e8fon 972 580 270 o a <a href=\"mailto:laltell@laltell.cat\">laltell@laltell.cat<\/a><\/em><\/p>\n<p>Maite Marc\u00f3 i Eva Gasull, autores del llibre Hist\u00f2ries d&#8217;una panxa, mantindran una interessant conversa en viu i en directe amb la psic\u00f2loga Olga Jord\u00e0.<\/p>\n<p><a href=\"http:\/\/www.fundaciolluiscoromina.org\/wp-content\/uploads\/2021\/04\/Hist\u00f2ries-duna-panxa.jpeg\"><img loading=\"lazy\" decoding=\"async\" class=\"alignnone size-medium wp-image-5232\" src=\"http:\/\/www.fundaciolluiscoromina.org\/wp-content\/uploads\/2021\/04\/Hist\u00f2ries-duna-panxa-225x300.jpeg\" alt=\"\" width=\"225\" height=\"300\" \/><\/a><\/p>\n<p>&nbsp;<\/p>\n<p>Dijous 21 de maig (19 h)<\/p>\n<p><b><em>En viu i en directe<\/em> amb Mag\u00ed Camps<\/b><\/p>\n<p><em>Inscripci\u00f3 pr\u00e8via al tel\u00e8fon 972 580 270 o a <a href=\"mailto:laltell@laltell.cat\">laltell@laltell.cat<\/a><\/em><\/p>\n<p><span style=\"color: #ff0000;\"><em>Important: aquesta activitat es realitzar\u00e0 a El Puntal &#8211; Laboratori de les Arts (Carrer Girona, 161, Banyoles).<\/em><\/span><\/p>\n<p><span class=\"\">Conversa amb Mag\u00ed Camps, autor del llibre\u00a0<em>Parla&#8217;m amb estil<\/em>,\u00a0on es convida el lector a ser conscient de la llengua que utilitzem i per qu\u00e8 triem una paraula o una expressi\u00f3 concreta, i no unes altres.<strong class=\"\">\u00a0<\/strong><\/span><\/p>\n<p><a href=\"http:\/\/www.fundaciolluiscoromina.org\/wp-content\/uploads\/2021\/04\/Parlam-amb-estil.jpeg\"><img loading=\"lazy\" decoding=\"async\" class=\"alignnone size-medium wp-image-5233\" src=\"http:\/\/www.fundaciolluiscoromina.org\/wp-content\/uploads\/2021\/04\/Parlam-amb-estil-195x300.jpeg\" alt=\"\" width=\"195\" height=\"300\" \/><\/a><\/p>\n<p>&nbsp;<\/p>\n<p>Dimecres 26 de maig (19:30 h)<\/p>\n<p><strong><em>En viu i en directe<\/em> amb Tom\u00e0s Cortada<\/strong><\/p>\n<p><em>Aforament limitat; inscripci\u00f3 pr\u00e8via a la <a href=\"https:\/\/www.omnium.cat\/ca\/activitat\/les-baumes-de-lestany\/\" target=\"_blank\" rel=\"noopener\">p\u00e0gina web d&#8217;\u00d2mnium Cultural &#8211; Pla de l&#8217;Estany<\/a><\/em><\/p>\n<p><span class=\"\">Conversa amb\u00a0Tom\u00e0s Cortada, que ens presentar\u00e0 el seu llibre\u00a0<em>Tirar endavant el mas,\u00a0<\/em>editat per MMV.\u00a0L&#8217;autor parlar\u00e0 de l&#8217;espai Can Cortada de Vilademires entre els anys XVIII i XIX.<\/span><\/p>\n<p><a href=\"http:\/\/www.fundaciolluiscoromina.org\/wp-content\/uploads\/2021\/04\/Tirar-endavant-el-mas.jpg\"><img loading=\"lazy\" decoding=\"async\" class=\"alignnone size-medium wp-image-5235\" src=\"http:\/\/www.fundaciolluiscoromina.org\/wp-content\/uploads\/2021\/04\/Tirar-endavant-el-mas-215x300.jpg\" alt=\"\" width=\"215\" height=\"300\" \/><\/a><\/p>\n<p>&nbsp;<\/p>\n<p>Dissabte 29 de maig (11:30 h)<\/p>\n<p><strong><em>En viu i en directe<\/em> amb Gemma Vilanova<\/strong><\/p>\n<p><em>Aforament limitat; inscripci\u00f3 pr\u00e8via a la <a href=\"https:\/\/www.omnium.cat\/ca\/activitat\/les-baumes-de-lestany\/\" target=\"_blank\" rel=\"noopener\">p\u00e0gina web d&#8217;\u00d2mnium Cultural &#8211; Pla de l&#8217;Estany<\/a><\/em><\/p>\n<p><span class=\"\">Conversa amb Gemma Vilanova sobre el seu llibre<strong class=\"\">\u00a0<\/strong><em>1 fill inesperat i 1 sof\u00e0. La vida amb Josep Valent<\/em>, una aproximaci\u00f3 feta des de la tendres a la sacsejada que suposa la irrupci\u00f3 de l&#8217;autisme a la vida somiada de qualsevol persona.<\/span><\/p>\n<p><a href=\"http:\/\/www.fundaciolluiscoromina.org\/wp-content\/uploads\/2021\/04\/1-fill-inesperat-i-1-sof\u00e0.jpeg\"><img loading=\"lazy\" decoding=\"async\" class=\"alignnone size-medium wp-image-5228\" src=\"http:\/\/www.fundaciolluiscoromina.org\/wp-content\/uploads\/2021\/04\/1-fill-inesperat-i-1-sof\u00e0-196x300.jpeg\" alt=\"\" width=\"196\" height=\"300\" \/><\/a><\/p>\n","protected":false},"excerpt":{"rendered":"<p>L&#8217;Espai Eat Art de la Fundaci\u00f3 Llu\u00eds Coromina acull noves presentacions i activitats organitzades per la llibreia L\u2019Altell de Banyoles: &#8230;<\/p>\n","protected":false},"author":2,"featured_media":5234,"comment_status":"open","ping_status":"open","sticky":false,"template":"","format":"standard","meta":{"footnotes":""},"categories":[10],"tags":[],"class_list":["post-5227","post","type-post","status-publish","format-standard","has-post-thumbnail","hentry","category-activitats"],"_links":{"self":[{"href":"http:\/\/fundaciolluiscoromina.org\/index.php\/wp-json\/wp\/v2\/posts\/5227","targetHints":{"allow":["GET"]}}],"collection":[{"href":"http:\/\/fundaciolluiscoromina.org\/index.php\/wp-json\/wp\/v2\/posts"}],"about":[{"href":"http:\/\/fundaciolluiscoromina.org\/index.php\/wp-json\/wp\/v2\/types\/post"}],"author":[{"embeddable":true,"href":"http:\/\/fundaciolluiscoromina.org\/index.php\/wp-json\/wp\/v2\/users\/2"}],"replies":[{"embeddable":true,"href":"http:\/\/fundaciolluiscoromina.org\/index.php\/wp-json\/wp\/v2\/comments?post=5227"}],"version-history":[{"count":0,"href":"http:\/\/fundaciolluiscoromina.org\/index.php\/wp-json\/wp\/v2\/posts\/5227\/revisions"}],"wp:attachment":[{"href":"http:\/\/fundaciolluiscoromina.org\/index.php\/wp-json\/wp\/v2\/media?parent=5227"}],"wp:term":[{"taxonomy":"category","embeddable":true,"href":"http:\/\/fundaciolluiscoromina.org\/index.php\/wp-json\/wp\/v2\/categories?post=5227"},{"taxonomy":"post_tag","embeddable":true,"href":"http:\/\/fundaciolluiscoromina.org\/index.php\/wp-json\/wp\/v2\/tags?post=5227"}],"curies":[{"name":"wp","href":"https:\/\/api.w.org\/{rel}","templated":true}]}}