{"id":5239,"date":"2021-04-30T09:58:17","date_gmt":"2021-04-30T07:58:17","guid":{"rendered":"http:\/\/www.fundaciolluiscoromina.org\/?p=5239"},"modified":"2021-04-30T09:58:17","modified_gmt":"2021-04-30T07:58:17","slug":"nova-intervencio-pictorica-a-ledifici-el-puntal-de-banyoles-de-jordi-bosch-barraca","status":"publish","type":"post","link":"http:\/\/fundaciolluiscoromina.org\/index.php\/2021\/04\/30\/nova-intervencio-pictorica-a-ledifici-el-puntal-de-banyoles-de-jordi-bosch-barraca\/","title":{"rendered":"Nova intervenci\u00f3 pict\u00f2rica a l\u2019edifici El Puntal de Banyoles de Jordi Bosch \u201cBarraca\u201d"},"content":{"rendered":"<p>El creador banyol\u00ed Jordi Bosch Lle\u00f3, conegut amb el nom art\u00edstic \u201cBarraca\u201d, \u00e9s l\u2019encarregat de pintar i crear la nova obra pict\u00f2rica a la paret lateral de l\u2019edifici El Puntal \u2013 Laboratori de les Arts de Banyoles. Inspirat en la capsa de llapis Alpino, l\u2019artista omplir\u00e0 de colors la paret de la seu de la Fundaci\u00f3 Llu\u00eds Coromina que d\u00f3na al parking de la f\u00e0brica del Grup AgriEnergia. En el seg\u00fcent v\u00eddeo, Barraca ensenya un petit esb\u00f2s de la idea que vol plasmar i explica el proc\u00e9s que seguir\u00e0 per dur a terme l\u2019obra, la qual estar\u00e0 enllestida durant les primeres setmanes de maig.<\/p>\n<p>&nbsp;<\/p>\n<div style=\"width: 636px;\" class=\"wp-video\"><video class=\"wp-video-shortcode\" id=\"video-5239-1\" width=\"636\" height=\"360\" preload=\"metadata\" controls=\"controls\"><source type=\"video\/mp4\" src=\"http:\/\/www.fundaciolluiscoromina.org\/wp-content\/uploads\/2021\/04\/Video-web.mp4?_=1\" \/><a href=\"http:\/\/www.fundaciolluiscoromina.org\/wp-content\/uploads\/2021\/04\/Video-web.mp4\">http:\/\/www.fundaciolluiscoromina.org\/wp-content\/uploads\/2021\/04\/Video-web.mp4<\/a><\/video><\/div>\n<p>&nbsp;<\/p>\n<p><strong>Jordi Bosch Lleo \u00abBarraca\u00bb<\/strong><\/p>\n<p>Nascut a Banyoles l\u2019any 1957, l\u2019artista Barraca exposa regularment des de l\u2019any 1979. Alguns dels seus treballs estan emmarcats dins les s\u00e8ries:\u00bbExercicis sobre un llapis\u00bb, \u00abEmmotllats de cartr\u00f3\u00bb, \u00abCarrers i espais somiats\u00bb, \u00abBars\u00bb o \u00abDavant del vidre\u00bb, entre d\u2019altres.<\/p>\n<p>El gener de 1985 enceta un nou llenguatge pl\u00e0stic batejat pel cr\u00edtic d\u2019art Jaume F\u00e0brega amb el nom de <em>nivopintura<\/em>, que fa refer\u00e8ncia a l\u2019acci\u00f3 pict\u00f2rica ef\u00edmera que utilitza la neu com a suport. Cal destacar la nivopintura <em>El Bullidor<\/em> realitzada al Pas de la Casa (Andorra) l\u2019any 1987, d\u2019una extensi\u00f3 de 20.000 m2 i enregistrada per la Televisi\u00f3 Espanyola per emetre en el programa Punt de Fuga, i<em> Sang de neu<\/em>, un espectacle pictoricoteatral realitzat amb Babaus Teatre l\u2019any 1997. Barraca ha realitzat nivopintures als Alps, als Andes, a Karakorum i tamb\u00e9 a l&#8217;Him\u00e0laia.<\/p>\n<p>A m\u00e9s, l\u2019artista t\u00e9 diverses obres exposades a l\u2019aire lliure a diferents poblacions com Banyoles, Porqueres (passeig d\u2019escultures de Can Ginebreda), Cornella del Terri, Palol de Revardit o Sant Gregori. Entre altres llocs, ha exposat a Can Ginebreda (Porqueres); Arco (Madrid); Art Expo (Montreal-Canad\u00e1); les galeries Metronom i Angela Rodeja (Barcelona); Expoart, Espais i sales municipals (Girona); Sala Tretze (Banyoles); Art-3 (Figueres); Les Bernardes (Salt), bars restaurant com La Penyora (Girona), Piscolabis (Barcelona) i 1929 (Banyoles). Tamb\u00e9 ho ha fet a Olot, Blanes, Sarri\u00e0 de Ter, Cotlliure, Ni\u00e7a i Cannes (Fran\u00e7a).<\/p>\n","protected":false},"excerpt":{"rendered":"<p>El creador banyol\u00ed Jordi Bosch Lle\u00f3, conegut amb el nom art\u00edstic \u201cBarraca\u201d, \u00e9s l\u2019encarregat de pintar i crear la nova &#8230;<\/p>\n","protected":false},"author":2,"featured_media":5241,"comment_status":"open","ping_status":"open","sticky":false,"template":"","format":"standard","meta":{"footnotes":""},"categories":[10],"tags":[],"class_list":["post-5239","post","type-post","status-publish","format-standard","has-post-thumbnail","hentry","category-activitats"],"_links":{"self":[{"href":"http:\/\/fundaciolluiscoromina.org\/index.php\/wp-json\/wp\/v2\/posts\/5239","targetHints":{"allow":["GET"]}}],"collection":[{"href":"http:\/\/fundaciolluiscoromina.org\/index.php\/wp-json\/wp\/v2\/posts"}],"about":[{"href":"http:\/\/fundaciolluiscoromina.org\/index.php\/wp-json\/wp\/v2\/types\/post"}],"author":[{"embeddable":true,"href":"http:\/\/fundaciolluiscoromina.org\/index.php\/wp-json\/wp\/v2\/users\/2"}],"replies":[{"embeddable":true,"href":"http:\/\/fundaciolluiscoromina.org\/index.php\/wp-json\/wp\/v2\/comments?post=5239"}],"version-history":[{"count":0,"href":"http:\/\/fundaciolluiscoromina.org\/index.php\/wp-json\/wp\/v2\/posts\/5239\/revisions"}],"wp:attachment":[{"href":"http:\/\/fundaciolluiscoromina.org\/index.php\/wp-json\/wp\/v2\/media?parent=5239"}],"wp:term":[{"taxonomy":"category","embeddable":true,"href":"http:\/\/fundaciolluiscoromina.org\/index.php\/wp-json\/wp\/v2\/categories?post=5239"},{"taxonomy":"post_tag","embeddable":true,"href":"http:\/\/fundaciolluiscoromina.org\/index.php\/wp-json\/wp\/v2\/tags?post=5239"}],"curies":[{"name":"wp","href":"https:\/\/api.w.org\/{rel}","templated":true}]}}