{"id":5243,"date":"2021-05-03T11:19:50","date_gmt":"2021-05-03T09:19:50","guid":{"rendered":"http:\/\/www.fundaciolluiscoromina.org\/?p=5243"},"modified":"2021-05-03T11:19:50","modified_gmt":"2021-05-03T09:19:50","slug":"segona-visita-guiada-a-la-xxii-biennal-dart-contemporani-catala","status":"publish","type":"post","link":"http:\/\/fundaciolluiscoromina.org\/index.php\/2021\/05\/03\/segona-visita-guiada-a-la-xxii-biennal-dart-contemporani-catala\/","title":{"rendered":"Segona visita guiada a la XXII Biennal d\u2019Art Contemporani Catal\u00e0"},"content":{"rendered":"<p>La Fundaci\u00f3 Llu\u00eds Coromina presenta la segona visita guiada a la XXII Biennal d\u2019Art Contemporani Catal\u00e0, que tindr\u00e0 lloc aquest <strong>dijous 6 de maig a les 18 h\u00a0<\/strong>i en aquesta ocasi\u00f3 <strong>comptar\u00e0 amb la pres\u00e8ncia dels tres artistes Sergi Barnils, Joanpere Massana i Roser Oduber<\/strong>, aix\u00ed com del curador de la mostra, Josep Canals. Aquest circuit de visites guiades de car\u00e0cter pedag\u00f2gic es realitzen amb l&#8217;objectiu de con\u00e8ixer i contemplar les obres de la Biennal, organitzada per la galeria d&#8217;art Canals, Bonart Cultural i la Fundaci\u00f3 LLu\u00eds Coromina, i\u00a0que enguany vol ser un homenatge als 591 artistes que han exposat durant les vint-i-dues edicions.<\/p>\n<p>L&#8217;activitat\u00a0 s&#8217;iniciar\u00e0 amb la contemplaci\u00f3 de la fa\u00e7ana de l&#8217;edifici de l&#8217;Espai Isern Dalmau. Tot seguit, es descobriran els diferents espais de <em>coworking<\/em>, fins arribar a la sala on s&#8217;exposa la XXII Biennal d&#8217;Art Contemporani Catal\u00e0, que est\u00e0 composta per dues vessants art\u00edstiques: una selecci\u00f3 de diferents obres de petit i mitj\u00e0 format de m\u00e9s d&#8217;una desena d&#8217;autors i artistes, i la projecci\u00f3 d&#8217;un\u00a0v\u00eddeo art\u00edstic de l\u2019artista Joan Fontcuberta, que\u00a0reflecteix l\u2019obra del m\u00e9s de mig miler d&#8217;artistes que han format part de l\u2019exposici\u00f3 des de l\u2019any 1977.<\/p>\n<p>La segona visita guiada es realitzar\u00e0 aquest <strong>dijous 6 de maig a les 18 h, i estar\u00e0 limitada a un grup redu\u00eft de 10 persones<\/strong>. El p\u00fablic interessat en assistir-hi pot reservar la seva pla\u00e7a enviant un correu electr\u00f2nic a <a href=\"http:\/\/jsola@fundaciolluiscoromina.cat\">jsola@fundaciolluiscoromina.cat<\/a>.<\/p>\n<p>&nbsp;<\/p>\n<p><em>M\u00e9s informaci\u00f3 i horaris de la\u00a0 XXII Biennal d&#8217;Art Contemporani Catal\u00e0 <a href=\"http:\/\/www.fundaciolluiscoromina.org\/xxii-biennal-dart-contemporani-catala-de-l11-de-marc-fins-al-15-de-juny-a-lespai-isern-dalmau\/\" target=\"_blank\" rel=\"noopener\"><strong>en aquest enlla\u00e7<\/strong><\/a>.<\/em><\/p>\n","protected":false},"excerpt":{"rendered":"<p>La Fundaci\u00f3 Llu\u00eds Coromina presenta la segona visita guiada a la XXII Biennal d\u2019Art Contemporani Catal\u00e0, que tindr\u00e0 lloc aquest &#8230;<\/p>\n","protected":false},"author":2,"featured_media":5259,"comment_status":"open","ping_status":"open","sticky":false,"template":"","format":"standard","meta":{"footnotes":""},"categories":[10],"tags":[],"class_list":["post-5243","post","type-post","status-publish","format-standard","has-post-thumbnail","hentry","category-activitats"],"_links":{"self":[{"href":"http:\/\/fundaciolluiscoromina.org\/index.php\/wp-json\/wp\/v2\/posts\/5243","targetHints":{"allow":["GET"]}}],"collection":[{"href":"http:\/\/fundaciolluiscoromina.org\/index.php\/wp-json\/wp\/v2\/posts"}],"about":[{"href":"http:\/\/fundaciolluiscoromina.org\/index.php\/wp-json\/wp\/v2\/types\/post"}],"author":[{"embeddable":true,"href":"http:\/\/fundaciolluiscoromina.org\/index.php\/wp-json\/wp\/v2\/users\/2"}],"replies":[{"embeddable":true,"href":"http:\/\/fundaciolluiscoromina.org\/index.php\/wp-json\/wp\/v2\/comments?post=5243"}],"version-history":[{"count":0,"href":"http:\/\/fundaciolluiscoromina.org\/index.php\/wp-json\/wp\/v2\/posts\/5243\/revisions"}],"wp:attachment":[{"href":"http:\/\/fundaciolluiscoromina.org\/index.php\/wp-json\/wp\/v2\/media?parent=5243"}],"wp:term":[{"taxonomy":"category","embeddable":true,"href":"http:\/\/fundaciolluiscoromina.org\/index.php\/wp-json\/wp\/v2\/categories?post=5243"},{"taxonomy":"post_tag","embeddable":true,"href":"http:\/\/fundaciolluiscoromina.org\/index.php\/wp-json\/wp\/v2\/tags?post=5243"}],"curies":[{"name":"wp","href":"https:\/\/api.w.org\/{rel}","templated":true}]}}