{"id":5264,"date":"2021-05-12T13:41:53","date_gmt":"2021-05-12T11:41:53","guid":{"rendered":"http:\/\/www.fundaciolluiscoromina.org\/?p=5264"},"modified":"2021-05-12T13:41:53","modified_gmt":"2021-05-12T11:41:53","slug":"inauguracio-de-la-segona-mostra-de-la-xxii-biennal-dart-contemporani-catala-a-sant-cugat-del-valles","status":"publish","type":"post","link":"http:\/\/fundaciolluiscoromina.org\/index.php\/2021\/05\/12\/inauguracio-de-la-segona-mostra-de-la-xxii-biennal-dart-contemporani-catala-a-sant-cugat-del-valles\/","title":{"rendered":"Inauguraci\u00f3 de la segona mostra de la XXII Biennal d\u2019Art Contemporani Catal\u00e0 a Sant Cugat del Vall\u00e8s  \u00a0"},"content":{"rendered":"<p>El Museu Cal Gerrer de la Fundaci\u00f3 Cabanas de Sant Cugat del Vall\u00e8s acull la segona mostra de la XXII Biennal d\u2019Art Contemporani Catal\u00e0, organitzada per Canals-Galeria d\u2019Art, Bonart Cultural i la Fundaci\u00f3 Llu\u00eds Coromina. La segona part de l\u2019exposici\u00f3 s\u2019inaugura el pr\u00f2xim divendres 14 de maig a les 18 h, i es retransmetr\u00e0 en directe per TDT i pel canal de Youtube de TV Sant Cugat.<\/p>\n<p>Igual que la primera part de la mostra, que es va inaugurar el mes de mar\u00e7 a l\u2019Espai Isern Dalmau de Barcelona, seu de la Fundaci\u00f3 Llu\u00eds Coromina, \u00a0l\u2019exposici\u00f3 de Sant Cugat del Vall\u00e8s tamb\u00e9 ha estat creada sota la curadoria de Josep Canals i la supervisi\u00f3 del cr\u00edtic d\u2019art i editor de Bonart Cultural, Ricard Planas. Aix\u00ed mateix, la mostra exposada al Museu Cal Gerrer tamb\u00e9 est\u00e0 formada per dues vessants art\u00edstiques: per una banda, la selecci\u00f3 d&#8217;un conjunt d&#8217;autors que han participat al llarg de les vint-i-dues edicions (alguns dels quals nom\u00e9s es podran veure en aquesta segona mostra: Carmen Anzano, Mart\u00edn Carral, Pep Cod\u00f3, Neus Colet, Carles Delclaux i Maria Fabre) i, per l\u2019altra, el treball videogr\u00e0fic a l\u2019artista Joan Fontcuber\u00adta, que mitjan\u00e7ant una pantalla gegant reflecteix la vida i obra dels 591 autors que han passat per la Biennal d\u2019Art Contemporani Catal\u00e0 des del 1977. Fontcuberta explica la seva obra audiovisual de la seg\u00fcent forma:<\/p>\n<p>\u201cAquest v\u00eddeo \u00e9s un homenatge a la Biennal d\u2019Art Catal\u00e0 Contemporani, a l\u2019esfor\u00e7 que ha significat i al fervor dels que hi han participat. Per\u00f2 \u00e9s tamb\u00e9 una obra de reciclatge cr\u00edtic: la hist\u00f2ria de la mateixa Biennal es converteix en un material de treball passat pel sed\u00e0s del t\u00e8rbol motor de recerca de Google. L\u2019estructura \u00e9s ben senzilla: cada un dels noms dels artistes participants ha estat objecte d\u2019una cerca a Google i s\u2019ha col\u00b7leccionat en tots els casos la primera p\u00e0gina de resultats que s\u2019obt\u00e9. La seq\u00fc\u00e8ncia d\u2019aquestes p\u00e0gines, parafrasejant el mandat de la Biennal explicitat abans, ofereix un panorama ampli \u2013del rastre que queda a Internet\u2013 de la innovaci\u00f3 i creativitat i etc\u00e8tera. S\u00f3n les empremtes erosionades pel temps, i per tant un motiu per dilucidar q\u00fcestions de reconeixement i mem\u00f2ria\u201d.<\/p>\n<p>Aix\u00ed doncs, la Biennal d\u2019Art Contemporani Catal\u00e0 celebra la seva 22a edici\u00f3 amb una doble mostra dissenyada especialment per l\u2019ocasi\u00f3, la segona part de la qual s\u2019inaugurar\u00e0 aquest divendres 14 de maig a les 18 h i es podr\u00e0 visitar fins al 30 d\u2019agost al Museu Cal Gerrer de la Fundac\u00f3 Cabanas de Sant Cugat del Vall\u00e8s. L\u2019acte d\u2019inauguraci\u00f3 es podr\u00e0 seguir en directe <a href=\"https:\/\/www.youtube.com\/tvsantcugat\" target=\"_blank\" rel=\"noopener\"><strong>a trav\u00e9s d\u2019aquest enlla\u00e7.<\/strong><\/a><\/p>\n<p><a href=\"http:\/\/www.fundaciolluiscoromina.org\/wp-content\/uploads\/2021\/03\/Video_still_4.jpeg\"><img loading=\"lazy\" decoding=\"async\" class=\"alignnone wp-image-5096 size-large\" src=\"http:\/\/www.fundaciolluiscoromina.org\/wp-content\/uploads\/2021\/03\/Video_still_4-1024x576.jpeg\" alt=\"\" width=\"1024\" height=\"576\" \/><\/a><\/p>\n<p><em>Per a m\u00e9s informaci\u00f3 de la primera part de la mostra de la XXII Biennal d\u2019Art Contemporani Catal\u00e0, exposada a l\u2019Espai Isern Dalmau de Barcelona, podeu fer <a href=\"http:\/\/www.fundaciolluiscoromina.org\/xxii-biennal-dart-contemporani-catala-de-l11-de-marc-fins-al-15-de-juny-a-lespai-isern-dalmau\/\" target=\"_blank\" rel=\"noopener\"><strong>clic aqu\u00ed<\/strong><\/a>.<\/em><\/p>\n","protected":false},"excerpt":{"rendered":"<p>El Museu Cal Gerrer de la Fundaci\u00f3 Cabanas de Sant Cugat del Vall\u00e8s acull la segona mostra de la XXII &#8230;<\/p>\n","protected":false},"author":2,"featured_media":5095,"comment_status":"open","ping_status":"open","sticky":false,"template":"","format":"standard","meta":{"footnotes":""},"categories":[10],"tags":[],"class_list":["post-5264","post","type-post","status-publish","format-standard","has-post-thumbnail","hentry","category-activitats"],"_links":{"self":[{"href":"http:\/\/fundaciolluiscoromina.org\/index.php\/wp-json\/wp\/v2\/posts\/5264","targetHints":{"allow":["GET"]}}],"collection":[{"href":"http:\/\/fundaciolluiscoromina.org\/index.php\/wp-json\/wp\/v2\/posts"}],"about":[{"href":"http:\/\/fundaciolluiscoromina.org\/index.php\/wp-json\/wp\/v2\/types\/post"}],"author":[{"embeddable":true,"href":"http:\/\/fundaciolluiscoromina.org\/index.php\/wp-json\/wp\/v2\/users\/2"}],"replies":[{"embeddable":true,"href":"http:\/\/fundaciolluiscoromina.org\/index.php\/wp-json\/wp\/v2\/comments?post=5264"}],"version-history":[{"count":0,"href":"http:\/\/fundaciolluiscoromina.org\/index.php\/wp-json\/wp\/v2\/posts\/5264\/revisions"}],"wp:attachment":[{"href":"http:\/\/fundaciolluiscoromina.org\/index.php\/wp-json\/wp\/v2\/media?parent=5264"}],"wp:term":[{"taxonomy":"category","embeddable":true,"href":"http:\/\/fundaciolluiscoromina.org\/index.php\/wp-json\/wp\/v2\/categories?post=5264"},{"taxonomy":"post_tag","embeddable":true,"href":"http:\/\/fundaciolluiscoromina.org\/index.php\/wp-json\/wp\/v2\/tags?post=5264"}],"curies":[{"name":"wp","href":"https:\/\/api.w.org\/{rel}","templated":true}]}}