{"id":5274,"date":"2021-05-13T12:01:04","date_gmt":"2021-05-13T10:01:04","guid":{"rendered":"http:\/\/www.fundaciolluiscoromina.org\/?p=5274"},"modified":"2021-05-13T12:01:04","modified_gmt":"2021-05-13T10:01:04","slug":"finalitzada-la-intervencio-pictorica-de-jordi-bosch-barraca-a-ledifici-el-puntal-lab-de-banyoles","status":"publish","type":"post","link":"http:\/\/fundaciolluiscoromina.org\/index.php\/2021\/05\/13\/finalitzada-la-intervencio-pictorica-de-jordi-bosch-barraca-a-ledifici-el-puntal-lab-de-banyoles\/","title":{"rendered":"Finalitzada la intervenci\u00f3 pict\u00f2rica de Jordi Bosch \u201cBarraca\u201d a l\u2019edifici El Puntal Lab de Banyoles"},"content":{"rendered":"<p>L\u2019edifici El Puntal \u2013 Laboratori de les Arts de Banyoles ja llueix l\u2019obra pict\u00f2rica del creador banyol\u00ed Jordi Bosch Lle\u00f3, conegut amb el nom art\u00edstic \u201cBarraca\u201d. Inspirat en la capsa de llapis de colors Alpino, l\u2019artista ha creat aquest disseny exclusiu, ideat especialment per la seu de la Fundaci\u00f3 Llu\u00eds Coromina, i ha omplert de colors la paret que d\u00f3na al parking de la f\u00e0brica del Grup AgriEnergia. A continuaci\u00f3\u00a0es pot visionar el v\u00eddeo en qu\u00e8 l\u2019artista explica el proc\u00e9s de creaci\u00f3 de l\u2019obra, el qual ha durat dues setmanes:<\/p>\n<div style=\"width: 636px;\" class=\"wp-video\"><video class=\"wp-video-shortcode\" id=\"video-5274-1\" width=\"636\" height=\"360\" preload=\"metadata\" controls=\"controls\"><source type=\"video\/mp4\" src=\"http:\/\/www.fundaciolluiscoromina.org\/wp-content\/uploads\/2021\/05\/V\u00eddeo-web.mp4?_=1\" \/><a href=\"http:\/\/www.fundaciolluiscoromina.org\/wp-content\/uploads\/2021\/05\/V\u00eddeo-web.mp4\">http:\/\/www.fundaciolluiscoromina.org\/wp-content\/uploads\/2021\/05\/V\u00eddeo-web.mp4<\/a><\/video><\/div>\n<p><u>Jordi Bosch Lle\u00f3 \u201cBarraca\u201d<\/u><\/p>\n<p>Nascut a Banyoles l\u2019any 1957, l\u2019artista Barraca exposa regularment des de l\u2019any 1979. Alguns dels seus treballs estan emmarcats dins les s\u00e8ries:\u00bbExercicis sobre un llapis\u00bb, \u00abEmmotllats de cartr\u00f3\u00bb, \u00abCarrers i espais somiats\u00bb, \u00abBars\u00bb o \u00abDavant del vidre\u00bb, entre d\u2019altres.<\/p>\n<p>El gener de 1985 enceta un nou llenguatge pl\u00e0stic batejat pel cr\u00edtic d\u2019art Jaume F\u00e0brega amb el nom de Nivopintura, que fa refer\u00e8ncia a l\u2019acci\u00f3 pict\u00f2rica ef\u00edmera que utilitza la neu com a suport. Cal destacar la nivopintura <em>El Bullidor<\/em> realitzada al Pas de la Casa (Andorra) l\u2019any 1987, d\u2019una extensi\u00f3 de 20.000 m2 i enregistrada per la Televisi\u00f3 Espanyola per emetre en el programa Punt de Fuga, i Sang de neu, espectacle pictoricoteatral realitzat amb Babaus Teatre l\u2019any 1997. Barraca ha realitzat nivopintures als Alps, als Andes, a Karakorum i tamb\u00e9 a l&#8217;Him\u00e0laia.<\/p>\n<p>A m\u00e9s, l\u2019artista t\u00e9 diverses obres exposades a l\u2019aire lliure a diferents poblacions com Banyoles, Porqueres (passeig d\u2019escultures de Can Ginebreda), Cornella del Terri, Palol de Revardit o Sant Gregori, entre d\u2019altres. Entre altres llocs, ha exposat a Can Ginebreda (Porqueres); Arco (Madrid); Art Expo (Montreal-Canad\u00e1); les galeries Metronom i Angela Rodeja (Barcelona); Expoart, Espais i sales municipals (Girona); Sala Tretze (Banyoles); Art-3 (Figueres); Les Bernardes (Salt), bars restaurant com La Penyora (Girona), Piscolabis (Barcelona) i 1929 (Banyoles). Tamb\u00e9 ho ha fet a Olot, Blanes, Sarri\u00e0 de Ter, Cotlliure, Ni\u00e7a i Cannes (Fran\u00e7a).<\/p>\n","protected":false},"excerpt":{"rendered":"<p>L\u2019edifici El Puntal \u2013 Laboratori de les Arts de Banyoles ja llueix l\u2019obra pict\u00f2rica del creador banyol\u00ed Jordi Bosch Lle\u00f3, &#8230;<\/p>\n","protected":false},"author":2,"featured_media":5276,"comment_status":"open","ping_status":"open","sticky":false,"template":"","format":"standard","meta":{"footnotes":""},"categories":[10],"tags":[],"class_list":["post-5274","post","type-post","status-publish","format-standard","has-post-thumbnail","hentry","category-activitats"],"_links":{"self":[{"href":"http:\/\/fundaciolluiscoromina.org\/index.php\/wp-json\/wp\/v2\/posts\/5274","targetHints":{"allow":["GET"]}}],"collection":[{"href":"http:\/\/fundaciolluiscoromina.org\/index.php\/wp-json\/wp\/v2\/posts"}],"about":[{"href":"http:\/\/fundaciolluiscoromina.org\/index.php\/wp-json\/wp\/v2\/types\/post"}],"author":[{"embeddable":true,"href":"http:\/\/fundaciolluiscoromina.org\/index.php\/wp-json\/wp\/v2\/users\/2"}],"replies":[{"embeddable":true,"href":"http:\/\/fundaciolluiscoromina.org\/index.php\/wp-json\/wp\/v2\/comments?post=5274"}],"version-history":[{"count":0,"href":"http:\/\/fundaciolluiscoromina.org\/index.php\/wp-json\/wp\/v2\/posts\/5274\/revisions"}],"wp:attachment":[{"href":"http:\/\/fundaciolluiscoromina.org\/index.php\/wp-json\/wp\/v2\/media?parent=5274"}],"wp:term":[{"taxonomy":"category","embeddable":true,"href":"http:\/\/fundaciolluiscoromina.org\/index.php\/wp-json\/wp\/v2\/categories?post=5274"},{"taxonomy":"post_tag","embeddable":true,"href":"http:\/\/fundaciolluiscoromina.org\/index.php\/wp-json\/wp\/v2\/tags?post=5274"}],"curies":[{"name":"wp","href":"https:\/\/api.w.org\/{rel}","templated":true}]}}