{"id":5285,"date":"2021-05-18T17:05:22","date_gmt":"2021-05-18T15:05:22","guid":{"rendered":"http:\/\/www.fundaciolluiscoromina.org\/?p=5285"},"modified":"2021-05-18T17:05:22","modified_gmt":"2021-05-18T15:05:22","slug":"ledifici-el-puntal-de-banyoles-equipat-amb-una-nova-installacio-denergia-solar-fotovoltaica","status":"publish","type":"post","link":"http:\/\/fundaciolluiscoromina.org\/index.php\/2021\/05\/18\/ledifici-el-puntal-de-banyoles-equipat-amb-una-nova-installacio-denergia-solar-fotovoltaica\/","title":{"rendered":"L\u2019edifici El Puntal de Banyoles, equipat amb una nova instal\u00b7laci\u00f3 d\u2019energia solar fotovoltaica"},"content":{"rendered":"<p>Seguint amb l\u2019aposta per la sostenibilitat i la innovaci\u00f3 del Grup Agrienergia, i amb l\u2019objectiu de col\u00b7laborar proactivament amb una transici\u00f3 energ\u00e8tica m\u00e9s eficient a nivell local, la l\u00ednia d\u2019autoconsum Agrienergia Solar ha posat en marxa una instal\u00b7laci\u00f3 de generaci\u00f3 fotovoltaica per subministrar energia solar 100% neta i de km0 a les oficines de diverses empreses i activitats del grup empresarial.<\/p>\n<p>La instal\u00b7laci\u00f3 fotovoltaica est\u00e0 ubicada a l\u2019edifici del Puntal &#8211; Laboratori de les Arts, seu de la Fundaci\u00f3 Llu\u00eds Coromina situada al carrer Girona de Banyoles, i\u00a0subministra energia solar al mateix Puntal i a les oficines centrals d&#8217;Agrienergia, aix\u00ed com a altres ubicacions del grup empresarial, com l\u2019Oficina Comercial d\u2019Atenci\u00f3 al P\u00fablic, ubicada a l\u2019avinguda Pa\u00efsos Catalans de Banyoles, o altres espais comuns i magatzems.<\/p>\n<p>A partir d&#8217;ara, el conjunt d\u2019aquests edificis aprofitar\u00e0 l\u2019energia del sol generada al Puntal, sota l\u2019esquema d\u2019autoconsum compartit per xarxa, i a m\u00e9s es beneficiar\u00e0 d&#8217;una gesti\u00f3 intel\u00b7ligent de l\u2019energia, fet que possibilitar\u00e0 la optimitzaci\u00f3 de la gesti\u00f3 i l&#8217;acumulaci\u00f3 d\u2019energia solar amb intel\u00b7lig\u00e8ncia artificial, i augmentar\u00e0 aix\u00ed el benefici mediambiental de la instal\u00b7laci\u00f3 fotovoltaica.<\/p>\n<p>Aix\u00ed doncs, m\u00e9s enll\u00e0 de la seva implicaci\u00f3 en l\u2019\u00e0mbit social i art\u00edstic del territori, El Puntal \u2013 Laboratori de les Arts esdev\u00e9 tamb\u00e9 en un centre de producci\u00f3 d\u2019energia solar, fet que refor\u00e7a el paper de la Fundaci\u00f3 Llu\u00eds Coromina en l\u2019\u00e0mbit mediambiental i va lligat a la seva tasca de preservaci\u00f3 de la natura, aix\u00ed com el seu inter\u00e8s en la creaci\u00f3 d\u2019un futur model de consum basat en la sostenibilitat i l\u2019efici\u00e8ncia energ\u00e8tica.<\/p>\n<p>Amb aquest projecte, Agrienergia vol fer realitat un autoconsum fotovoltaic compartit exit\u00f3s, amb una gesti\u00f3 intel\u00b7ligent de l\u2019energia que dinamitzi a nivell local el canvi cap a un model energ\u00e8tic m\u00e9s sostenible, eficient i proper.<\/p>\n","protected":false},"excerpt":{"rendered":"<p>Seguint amb l\u2019aposta per la sostenibilitat i la innovaci\u00f3 del Grup Agrienergia, i amb l\u2019objectiu de col\u00b7laborar proactivament amb una &#8230;<\/p>\n","protected":false},"author":2,"featured_media":5286,"comment_status":"open","ping_status":"open","sticky":false,"template":"","format":"standard","meta":{"footnotes":""},"categories":[10],"tags":[],"class_list":["post-5285","post","type-post","status-publish","format-standard","has-post-thumbnail","hentry","category-activitats"],"_links":{"self":[{"href":"http:\/\/fundaciolluiscoromina.org\/index.php\/wp-json\/wp\/v2\/posts\/5285","targetHints":{"allow":["GET"]}}],"collection":[{"href":"http:\/\/fundaciolluiscoromina.org\/index.php\/wp-json\/wp\/v2\/posts"}],"about":[{"href":"http:\/\/fundaciolluiscoromina.org\/index.php\/wp-json\/wp\/v2\/types\/post"}],"author":[{"embeddable":true,"href":"http:\/\/fundaciolluiscoromina.org\/index.php\/wp-json\/wp\/v2\/users\/2"}],"replies":[{"embeddable":true,"href":"http:\/\/fundaciolluiscoromina.org\/index.php\/wp-json\/wp\/v2\/comments?post=5285"}],"version-history":[{"count":0,"href":"http:\/\/fundaciolluiscoromina.org\/index.php\/wp-json\/wp\/v2\/posts\/5285\/revisions"}],"wp:attachment":[{"href":"http:\/\/fundaciolluiscoromina.org\/index.php\/wp-json\/wp\/v2\/media?parent=5285"}],"wp:term":[{"taxonomy":"category","embeddable":true,"href":"http:\/\/fundaciolluiscoromina.org\/index.php\/wp-json\/wp\/v2\/categories?post=5285"},{"taxonomy":"post_tag","embeddable":true,"href":"http:\/\/fundaciolluiscoromina.org\/index.php\/wp-json\/wp\/v2\/tags?post=5285"}],"curies":[{"name":"wp","href":"https:\/\/api.w.org\/{rel}","templated":true}]}}