{"id":5294,"date":"2021-05-20T11:51:13","date_gmt":"2021-05-20T09:51:13","guid":{"rendered":"http:\/\/www.fundaciolluiscoromina.org\/?p=5294"},"modified":"2021-05-20T11:51:13","modified_gmt":"2021-05-20T09:51:13","slug":"presentacio-del-projecte-de-lartista-daniel-gasol-guanyador-de-la-beca-berta-casas","status":"publish","type":"post","link":"http:\/\/fundaciolluiscoromina.org\/index.php\/2021\/05\/20\/presentacio-del-projecte-de-lartista-daniel-gasol-guanyador-de-la-beca-berta-casas\/","title":{"rendered":"Presentaci\u00f3 del projecte de l&#8217;artista Daniel Gasol, guanyador de la Beca Berta Casas"},"content":{"rendered":"<p>L\u2019artista i investigador Daniel Gasol, guanyador de la primera convocat\u00f2ria de la Beca Berta Casas impulsada per la Fundaci\u00f3 Atrium Artis i bonart cultural, amb la col\u00b7laboraci\u00f3 de la Fundaci\u00f3 Llu\u00eds Coromina i del Grup Excursionista i Esportiu Giron\u00ed (GEiEG),\u00a0 ha presentat avui el seu estudi <em>V\u00eddeo Nou: mediaci\u00f3 art\u00edstica durant el post-franquisme<\/em>. L\u2019acte d\u2019entrega del premi i la presentaci\u00f3 del projecte becat ha tingut lloc aquest mat\u00ed al Museu d\u2019Art de Girona, i ha comptat amb la pres\u00e8ncia de Carme Clusellas, directora del Museu; Antoni Bou, president de la Fundaci\u00f3 Atrium Artis; Francesc Cayuela, president del GEiEG; Ricard Planas, director de la Fundaci\u00f3 Llu\u00eds Coromina, i el mateix artista, Daniel Gasol. Despr\u00e9s de la presentaci\u00f3, s\u2019ha anunciat que durant els propers mesos es realitzaran dues exposicions sobre el projecte becat al Museu d\u2019Art de Girona i a l\u2019Espai Isern Dalmau de Barcelona, seu de la Fundaci\u00f3 Llu\u00eds Coromina.<\/p>\n<p>El projecte titulat <em>V\u00eddeo nou: mediaci\u00f3 art\u00edstica durant el post-franquisme <\/em>gira entorn de la recerca i investigaci\u00f3 del col\u00b7lectiu V\u00eddeo Nou, un grup d\u2019artistes multidisciplinars nascut a Barcelona a finals dels anys 70. El treball art\u00edstic de Daniel Gasol, doctor per la Universitat de Barcelona des del 2015, es centra en q\u00fcestionar discursos dominants sobre temes com la identitat, el treball, la classe social o el consum, entre d\u2019altres. Amb aquest prjecte, l\u2019artista proposa realitzar un estudi divulgatiu sobre el col\u00b7lectiu V\u00eddeo Nou, un grup d\u2019artistes nascut a partir de les Jornades de V\u00eddeo organitzades per la C\u00e1mara Argentina de la Industria Cinematogr\u00e1fica (CAIC) a la Fundaci\u00f3 Mir\u00f3 de Barcelona, l\u2019any 1979. Aquest col\u00b7lectiu, format per un ampli espectre d\u2019artistes de diversos \u00e0mbits (periodisme, sociologia, art, disseny, arquitectura o doc\u00e8ncia, entre d\u2019altres), va treballar des del v\u00eddeo ent\u00e8s com un medi de comunicaci\u00f3 horitzontal, transparent, multidireccional i participatiu, q\u00fcestionant els relats informatius hegem\u00f2nics que van imperar durant el postfranquisme.<\/p>\n<p>Aix\u00ed doncs, el projecte guanyador de la primera convocat\u00f2ria Beca Berta Casas es centra en la recopilaci\u00f3 d\u2019informaci\u00f3 gr\u00e0fica i en la documentaci\u00f3 i recerca dels treballs elaborats pel grup V\u00eddeo Nou, molts dels quals no han estat mai publicats. El projecte tamb\u00e9 inlcour\u00e0 diverses entrevistes als diferents membres del col\u00b7lectiu, amb l\u2019objectiu de donar visibilitat a un grup d\u2019artistes que es van convertir en mediadors art\u00edstics en el context local i global de finals dels anys 70 i principis dels anys 80. Tot aquest proc\u00e9s de recerca donar\u00e0 lloc a un estudi monogr\u00e0fic exhaustiu sobre el col\u00b7leciu V\u00eddeo Nou, que es presentar\u00e0 p\u00fablicament amb una publicaci\u00f3 en paper, que recollir\u00e0 tots els materials gr\u00e0fics i els continguts escrits de la investigaci\u00f3, i tamb\u00e9 es podr\u00e0 veure presencialment a les exposicions programades.<\/p>\n<p>Per a m\u00e9s informaci\u00f3 sobre el projecte de Daniel Gasol i la primera convocat\u00f2ria de la Beca Berta Casas, podeu consultar <a href=\"http:\/\/www.fundaciolluiscoromina.org\/guanyadorbecabertacasas\/\" target=\"_blank\" rel=\"noopener\">aquest enlla\u00e7<\/a>.<\/p>\n","protected":false},"excerpt":{"rendered":"<p>L\u2019artista i investigador Daniel Gasol, guanyador de la primera convocat\u00f2ria de la Beca Berta Casas impulsada per la Fundaci\u00f3 Atrium &#8230;<\/p>\n","protected":false},"author":2,"featured_media":5295,"comment_status":"open","ping_status":"open","sticky":false,"template":"","format":"standard","meta":{"footnotes":""},"categories":[10],"tags":[],"class_list":["post-5294","post","type-post","status-publish","format-standard","has-post-thumbnail","hentry","category-activitats"],"_links":{"self":[{"href":"http:\/\/fundaciolluiscoromina.org\/index.php\/wp-json\/wp\/v2\/posts\/5294","targetHints":{"allow":["GET"]}}],"collection":[{"href":"http:\/\/fundaciolluiscoromina.org\/index.php\/wp-json\/wp\/v2\/posts"}],"about":[{"href":"http:\/\/fundaciolluiscoromina.org\/index.php\/wp-json\/wp\/v2\/types\/post"}],"author":[{"embeddable":true,"href":"http:\/\/fundaciolluiscoromina.org\/index.php\/wp-json\/wp\/v2\/users\/2"}],"replies":[{"embeddable":true,"href":"http:\/\/fundaciolluiscoromina.org\/index.php\/wp-json\/wp\/v2\/comments?post=5294"}],"version-history":[{"count":0,"href":"http:\/\/fundaciolluiscoromina.org\/index.php\/wp-json\/wp\/v2\/posts\/5294\/revisions"}],"wp:attachment":[{"href":"http:\/\/fundaciolluiscoromina.org\/index.php\/wp-json\/wp\/v2\/media?parent=5294"}],"wp:term":[{"taxonomy":"category","embeddable":true,"href":"http:\/\/fundaciolluiscoromina.org\/index.php\/wp-json\/wp\/v2\/categories?post=5294"},{"taxonomy":"post_tag","embeddable":true,"href":"http:\/\/fundaciolluiscoromina.org\/index.php\/wp-json\/wp\/v2\/tags?post=5294"}],"curies":[{"name":"wp","href":"https:\/\/api.w.org\/{rel}","templated":true}]}}