{"id":5297,"date":"2021-05-20T18:04:11","date_gmt":"2021-05-20T16:04:11","guid":{"rendered":"http:\/\/www.fundaciolluiscoromina.org\/?p=5297"},"modified":"2021-05-20T18:04:11","modified_gmt":"2021-05-20T16:04:11","slug":"noves-visites-guiades-a-la-xxii-biennal-dart-contemporani-catala","status":"publish","type":"post","link":"http:\/\/fundaciolluiscoromina.org\/index.php\/2021\/05\/20\/noves-visites-guiades-a-la-xxii-biennal-dart-contemporani-catala\/","title":{"rendered":"Noves visites guiades a la XXII Biennal d&#8217;Art Contemporani Catal\u00e0"},"content":{"rendered":"<p>La Fundaci\u00f3 Llu\u00eds Coromina us convida a les noves visites guiades\u00a0a la XXII Biennal d\u2019Art Contemporani Catal\u00e0, que s&#8217;exposa de forma simult\u00e0nia a l&#8217;Espai Isern Dalmau de Barcelona\u00a0i a la Fundaci\u00f3 Cabanas de Sant Cugat del Vall\u00e8s. El\u00a0<strong>dissabte 22\u00a0de maig a les 12 h\u00a0<\/strong>es realitzar\u00e0 la tercera visita guiada a l&#8217;exposici\u00f3 de Barcelona, que en aquesta ocasi\u00f3\u00a0comptar\u00e0 amb la pres\u00e8ncia de l&#8217;artista<strong> Tom Carr<\/strong>, aix\u00ed com del curador i director de la mostra, <strong>Josep Canals<\/strong>, que tamb\u00e9 participar\u00e0\u00a0a la visita guiada de la tarda. Aix\u00ed doncs,<strong> el mateix dissabte a les 18 h<\/strong> es dur\u00e0 a terme una altra visita guiada, en aquesta ocasi\u00f3 a l&#8217;exposici\u00f3 de Sant Cugat, que comptar\u00e0 amb l&#8217;assist\u00e8ncia del\u00a0director de la Biennal i\u00a0les artistes\u00a0<strong>Carmen Anzano<\/strong>\u00a0i\u00a0<strong>Maria Fabre.<\/strong><\/p>\n<p>Aquest circuit de visites guiades de car\u00e0cter pedag\u00f2gic, que s&#8217;emmarca en la nova realitat i vol apropar l&#8217;art a tot tipus de p\u00fablic,\u00a0es realitza amb l\u2019objectiu de con\u00e8ixer i contemplar les obres de la mostra, organitzada per la galeria d\u2019art Canals, Bonart Cultural i la Fundaci\u00f3 LLu\u00eds Coromina.<\/p>\n<p>La visita a la mostra de Barcelona s\u2019iniciar\u00e0 amb la contemplaci\u00f3 de la fa\u00e7ana de l\u2019edifici de l\u2019Espai Isern Dalmau i, tot seguit, es descobriran els diferents espais de\u00a0<em>coworking<\/em>, fins arribar a la sala on s\u2019exposen les obres i propostes art\u00edstiques de\u00a0la XXII Biennal d\u2019Art Contemporani Catal\u00e0. Pel que fa a la visita a l&#8217;exposici\u00f3 de Sant Cugat, comen\u00e7ar\u00e0 amb l&#8217;observaci\u00f3 de la\u00a0fa\u00e7ana de Cal Gerrer, edifici hist\u00f2ric situat al centre del municipi, i seguir\u00e0 pels\u00a0diferent espais de la Fundaci\u00f3 Cabanas, fins a arribar a Sala del C\u00f2nsol\u00a0on s&#8217;hi troben les obres de la mostra de la Biennal.<\/p>\n<p>La tercera jornada de visites tindr\u00e0 lloc aquest<strong> dissabte\u00a022\u00a0de maig a les 12 h (Barcelona) i a les 18 h (Sant Cugat del Vall\u00e8s), i estar\u00e0 limitada a un grup redu\u00eft de 10 persones<\/strong>. El p\u00fablic interessat en assistir-hi pot reservar la seva pla\u00e7a enviant un correu electr\u00f2nic a\u00a0<a href=\"http:\/\/jsola@fundaciolluiscoromina.cat\/\" data-cke-saved-href=\"http:\/\/jsola@fundaciolluiscoromina.cat\/\">jsola@fundaciolluiscoromina.cat<\/a>.<\/p>\n","protected":false},"excerpt":{"rendered":"<p>La Fundaci\u00f3 Llu\u00eds Coromina us convida a les noves visites guiades\u00a0a la XXII Biennal d\u2019Art Contemporani Catal\u00e0, que s&#8217;exposa de &#8230;<\/p>\n","protected":false},"author":2,"featured_media":5298,"comment_status":"open","ping_status":"open","sticky":false,"template":"","format":"standard","meta":{"footnotes":""},"categories":[10],"tags":[],"class_list":["post-5297","post","type-post","status-publish","format-standard","has-post-thumbnail","hentry","category-activitats"],"_links":{"self":[{"href":"http:\/\/fundaciolluiscoromina.org\/index.php\/wp-json\/wp\/v2\/posts\/5297","targetHints":{"allow":["GET"]}}],"collection":[{"href":"http:\/\/fundaciolluiscoromina.org\/index.php\/wp-json\/wp\/v2\/posts"}],"about":[{"href":"http:\/\/fundaciolluiscoromina.org\/index.php\/wp-json\/wp\/v2\/types\/post"}],"author":[{"embeddable":true,"href":"http:\/\/fundaciolluiscoromina.org\/index.php\/wp-json\/wp\/v2\/users\/2"}],"replies":[{"embeddable":true,"href":"http:\/\/fundaciolluiscoromina.org\/index.php\/wp-json\/wp\/v2\/comments?post=5297"}],"version-history":[{"count":0,"href":"http:\/\/fundaciolluiscoromina.org\/index.php\/wp-json\/wp\/v2\/posts\/5297\/revisions"}],"wp:attachment":[{"href":"http:\/\/fundaciolluiscoromina.org\/index.php\/wp-json\/wp\/v2\/media?parent=5297"}],"wp:term":[{"taxonomy":"category","embeddable":true,"href":"http:\/\/fundaciolluiscoromina.org\/index.php\/wp-json\/wp\/v2\/categories?post=5297"},{"taxonomy":"post_tag","embeddable":true,"href":"http:\/\/fundaciolluiscoromina.org\/index.php\/wp-json\/wp\/v2\/tags?post=5297"}],"curies":[{"name":"wp","href":"https:\/\/api.w.org\/{rel}","templated":true}]}}