{"id":5300,"date":"2021-05-21T12:31:19","date_gmt":"2021-05-21T10:31:19","guid":{"rendered":"http:\/\/www.fundaciolluiscoromina.org\/?p=5300"},"modified":"2021-05-21T12:31:19","modified_gmt":"2021-05-21T10:31:19","slug":"presentacio-del-nou-documental-sobre-la-fabrica-textil-la-brutau-de-sant-jaume-de-llierca","status":"publish","type":"post","link":"http:\/\/fundaciolluiscoromina.org\/index.php\/2021\/05\/21\/presentacio-del-nou-documental-sobre-la-fabrica-textil-la-brutau-de-sant-jaume-de-llierca\/","title":{"rendered":"Nou documental sobre la f\u00e0brica t\u00e8xtil La Brutau de Sant Jaume de Llierca"},"content":{"rendered":"<p>L\u2019Ajuntament de Sant Jaume de Llierca ha presentat el documental <em>Observant la F\u00e0brica, filar el passat per teixir el futur<\/em>, un audiovisual que tracta sobre la hist\u00f2ria de la f\u00e0brica t\u00e8xtil Brutau i que ha estat realitzat amb el suport de la Fundaci\u00f3 Llu\u00eds Coromina. L\u2019objectiu del documental \u00e9s donar con\u00e8ixer el complex arquitect\u00f2nic i paisatg\u00edstic de la f\u00e0brica, de manera que aquesta sigui reconeguda com a llegat patrimonial, hist\u00f2ric i cultural de Catalunya.<\/p>\n<p><em>Observant la F\u00e0brica, filar el passat per teixir el futur<\/em> \u00e9s un documental que tracta sobre la visi\u00f3 global del passat i el futur de la f\u00e0brica Brutau des d\u2019una perspectiva cultural, social, econ\u00f2mica i paisatg\u00edstica. L\u2019audiovisual compta amb l\u2019aportaci\u00f3 vivencial d\u2019antics treballadors de la f\u00e0brica, que donen a con\u00e8ixer la realitat de la f\u00e0brica des de la seva \u00f2ptica professional i personal, i del testimoni d\u2019una vintena de personalitats que remarquen la seva import\u00e0ncia hist\u00f2rica.<\/p>\n<p>Entre altres testimonis, el Catedr\u00e0tic de Geografia Humana de la Universitat de Girona, Joan Nogu\u00e9, parla del concepte de paisatge com a llegat patrimonial i com a interacci\u00f3 clau de la natura i la cultura al llarg de la hist\u00f2ria, i exposa tamb\u00e9 que cal tenir en compte els valors tangibles i intangibles a l\u2019hora de definir el futur projecte de La Brutau. Per altra banda, Jaume Perarnau, actual director del Museu de la Ci\u00e8ncia i la T\u00e8cnica de Catalunya, explica que el valor patrimonial industrial de la f\u00e0brica \u00e9s un important actiu social col\u00b7lectiu i contemporani, ja que ha estat creat per la pr\u00f2pia gent del poble. El documental tamb\u00e9 compta amb la participaci\u00f3 de l\u2019actual alcalde de Sant Jaume de Llierca, Jordi Cargol, qui manifesta l\u2019inter\u00e8s de recuperar els casi 17.000m2 de patrimoni de l\u2019immoble i donar-li un nou \u00fas, amb l\u2019objectiu de convertir-lo en un espai de refer\u00e8ncia i un motor de desenvolupament a la zona, tal i com ho havia estat en el passat. \u00a0El documental tamb\u00e9 desvetllar\u00e0, a grans trets, el marc conceptual i continguts del futur complex.<\/p>\n<p>L\u2019acte de presentaci\u00f3 del divendres 21 de maig ha comptat amb una visita guiada pels exteriors de la f\u00e0brica, la projecci\u00f3 del documental i la contemplaci\u00f3 d\u2019una mostra de l\u2019obra art\u00edstica de l\u2019escultora Raquel Cohen, cedides per la Fundaci\u00f3 LLu\u00eds Coromina.<\/p>\n<p><a href=\"http:\/\/www.fundaciolluiscoromina.org\/wp-content\/uploads\/2021\/05\/IMG-20210521-WA0003.jpg\"><img loading=\"lazy\" decoding=\"async\" class=\"alignnone wp-image-5301 size-full\" src=\"http:\/\/www.fundaciolluiscoromina.org\/wp-content\/uploads\/2021\/05\/IMG-20210521-WA0003-e1621593168832.jpg\" alt=\"\" width=\"600\" height=\"398\" \/><\/a><\/p>\n<p><a href=\"http:\/\/www.fundaciolluiscoromina.org\/wp-content\/uploads\/2021\/05\/IMG-20210521-WA0006.jpg\"><img loading=\"lazy\" decoding=\"async\" class=\"alignnone wp-image-5302\" src=\"http:\/\/www.fundaciolluiscoromina.org\/wp-content\/uploads\/2021\/05\/IMG-20210521-WA0006-1024x680.jpg\" alt=\"\" width=\"600\" height=\"398\" \/><\/a><\/p>\n<p><a href=\"http:\/\/www.fundaciolluiscoromina.org\/wp-content\/uploads\/2021\/05\/IMG_7575.jpg\"><img loading=\"lazy\" decoding=\"async\" class=\"wp-image-5310\" src=\"http:\/\/www.fundaciolluiscoromina.org\/wp-content\/uploads\/2021\/05\/IMG_7575-1024x680.jpg\" alt=\"\" width=\"600\" height=\"398\" \/><\/a><\/p>\n<p><strong>La Brutau i el projecte de futur<\/strong><\/p>\n<p>La Brutau va ser una antiga f\u00e0brica textil amb activitat fins al 1978, que va haver de tancar les seves portes a causa dels efectes provocats per la crisi del petroli del 1973. La f\u00e0brica va ser una font de recursos per la creaci\u00f3 de l\u2019actual poble de Sant Jaume de Llierca, ja que la fam\u00edlia Brutau va dotar el poble d\u2019aigua i electricitat, i tamb\u00e9 va ser l\u2019encarregada de dissenyar la urbanitzaci\u00f3 i de construir l\u2019escola i altres equipaments clau pel municipi.<\/p>\n<p>El nou projecte <em>La Brutau \u2013 observatori del benestar<\/em> es crear\u00e0 i gestion\u00adar\u00e0 sota els principis de consci\u00e8ncia i pr\u00e0ctica de la natura (biomim\u00e8tica). Amb la natura com valor inspirador del projecte i la posada en pr\u00e0ctica dels Objectius de Desenvolupament Sostenible (ODS), est\u00e0 previst que el projecte de futur de La Brutau englobi conceptes com ecoturisme, circuit d\u2019aig\u00fces, laboratori creatiu o ecosistema bot\u00e0nic, entre d\u2019altres.<\/p>\n<p><a href=\"http:\/\/www.fundaciolluiscoromina.org\/wp-content\/uploads\/2021\/05\/Captura-de-pantalla-2021-04-28-a-les-15.44.33.png\"><img loading=\"lazy\" decoding=\"async\" class=\"alignnone wp-image-5306 size-large\" src=\"http:\/\/www.fundaciolluiscoromina.org\/wp-content\/uploads\/2021\/05\/Captura-de-pantalla-2021-04-28-a-les-15.44.33-1024x571.png\" alt=\"\" width=\"1024\" height=\"571\" \/><\/a><\/p>\n<p>&nbsp;<\/p>\n<p>&nbsp;<\/p>\n<p>&nbsp;<\/p>\n","protected":false},"excerpt":{"rendered":"<p>L\u2019Ajuntament de Sant Jaume de Llierca ha presentat el documental Observant la F\u00e0brica, filar el passat per teixir el futur, &#8230;<\/p>\n","protected":false},"author":2,"featured_media":5303,"comment_status":"open","ping_status":"open","sticky":false,"template":"","format":"standard","meta":{"footnotes":""},"categories":[10],"tags":[],"class_list":["post-5300","post","type-post","status-publish","format-standard","has-post-thumbnail","hentry","category-activitats"],"_links":{"self":[{"href":"http:\/\/fundaciolluiscoromina.org\/index.php\/wp-json\/wp\/v2\/posts\/5300","targetHints":{"allow":["GET"]}}],"collection":[{"href":"http:\/\/fundaciolluiscoromina.org\/index.php\/wp-json\/wp\/v2\/posts"}],"about":[{"href":"http:\/\/fundaciolluiscoromina.org\/index.php\/wp-json\/wp\/v2\/types\/post"}],"author":[{"embeddable":true,"href":"http:\/\/fundaciolluiscoromina.org\/index.php\/wp-json\/wp\/v2\/users\/2"}],"replies":[{"embeddable":true,"href":"http:\/\/fundaciolluiscoromina.org\/index.php\/wp-json\/wp\/v2\/comments?post=5300"}],"version-history":[{"count":0,"href":"http:\/\/fundaciolluiscoromina.org\/index.php\/wp-json\/wp\/v2\/posts\/5300\/revisions"}],"wp:attachment":[{"href":"http:\/\/fundaciolluiscoromina.org\/index.php\/wp-json\/wp\/v2\/media?parent=5300"}],"wp:term":[{"taxonomy":"category","embeddable":true,"href":"http:\/\/fundaciolluiscoromina.org\/index.php\/wp-json\/wp\/v2\/categories?post=5300"},{"taxonomy":"post_tag","embeddable":true,"href":"http:\/\/fundaciolluiscoromina.org\/index.php\/wp-json\/wp\/v2\/tags?post=5300"}],"curies":[{"name":"wp","href":"https:\/\/api.w.org\/{rel}","templated":true}]}}