{"id":5314,"date":"2021-05-26T13:30:31","date_gmt":"2021-05-26T11:30:31","guid":{"rendered":"http:\/\/www.fundaciolluiscoromina.org\/?p=5314"},"modified":"2021-05-26T13:30:31","modified_gmt":"2021-05-26T11:30:31","slug":"el-femjazz-de-banyoles-celebra-la-seva-27a-edicio","status":"publish","type":"post","link":"http:\/\/fundaciolluiscoromina.org\/index.php\/2021\/05\/26\/el-femjazz-de-banyoles-celebra-la-seva-27a-edicio\/","title":{"rendered":"El FEMJazz! de Banyoles celebra la seva 27a edici\u00f3"},"content":{"rendered":"<p>El Festival d\u2019Emerg\u00e8ncies Musicals de Banyoles celebra la seva 27a edici\u00f3 aquest cap de setmana a l\u2019Auditori de l\u2019Ateneu de Banyoles. Amb el suport de la Fundaci\u00f3 Llu\u00eds Coromina, el festival presenta quatre actuacions que tindran lloc al vespre (20 h) i que comptaran amb les formacions art\u00edstiques Dshun (dijous 27 de maig), Carta Blanca a \u00c0lex Cassanyes \u2013 Composici\u00f3 II (divendres 28 de maig), Barcelona Art Orchestra (dissabte 29 de maig) i Dani L\u00f3pez Quartet (diumenge 30 de maig). El FEMJazz!, que conserva la seva ess\u00e8ncia i aposta de nou per la m\u00fasica improvisada feta per joves talents del territori, presenta una programaci\u00f3 de quatre concerts i diferents formats que aniran des de les sonoritats m\u00e9s \u00ednitmes fins a les composicions d\u2019estil lliure m\u00e9s arriscades i meticuloses. M\u00e9s informaci\u00f3 i entrades a <a href=\"http:\/\/www.femjazz.cat\">www.femjazz.cat<\/a>.<\/p>\n<p><a href=\"http:\/\/www.femjazz.cat\"><img loading=\"lazy\" decoding=\"async\" class=\"alignnone wp-image-5321 size-large\" src=\"http:\/\/www.fundaciolluiscoromina.org\/wp-content\/uploads\/2021\/05\/Artistes-1024x869.jpg\" alt=\"\" width=\"1024\" height=\"869\" \/><\/a><\/p>\n","protected":false},"excerpt":{"rendered":"<p>El Festival d\u2019Emerg\u00e8ncies Musicals de Banyoles celebra la seva 27a edici\u00f3 aquest cap de setmana a l\u2019Auditori de l\u2019Ateneu de &#8230;<\/p>\n","protected":false},"author":2,"featured_media":5317,"comment_status":"open","ping_status":"open","sticky":false,"template":"","format":"standard","meta":{"footnotes":""},"categories":[10],"tags":[],"class_list":["post-5314","post","type-post","status-publish","format-standard","has-post-thumbnail","hentry","category-activitats"],"_links":{"self":[{"href":"http:\/\/fundaciolluiscoromina.org\/index.php\/wp-json\/wp\/v2\/posts\/5314","targetHints":{"allow":["GET"]}}],"collection":[{"href":"http:\/\/fundaciolluiscoromina.org\/index.php\/wp-json\/wp\/v2\/posts"}],"about":[{"href":"http:\/\/fundaciolluiscoromina.org\/index.php\/wp-json\/wp\/v2\/types\/post"}],"author":[{"embeddable":true,"href":"http:\/\/fundaciolluiscoromina.org\/index.php\/wp-json\/wp\/v2\/users\/2"}],"replies":[{"embeddable":true,"href":"http:\/\/fundaciolluiscoromina.org\/index.php\/wp-json\/wp\/v2\/comments?post=5314"}],"version-history":[{"count":0,"href":"http:\/\/fundaciolluiscoromina.org\/index.php\/wp-json\/wp\/v2\/posts\/5314\/revisions"}],"wp:attachment":[{"href":"http:\/\/fundaciolluiscoromina.org\/index.php\/wp-json\/wp\/v2\/media?parent=5314"}],"wp:term":[{"taxonomy":"category","embeddable":true,"href":"http:\/\/fundaciolluiscoromina.org\/index.php\/wp-json\/wp\/v2\/categories?post=5314"},{"taxonomy":"post_tag","embeddable":true,"href":"http:\/\/fundaciolluiscoromina.org\/index.php\/wp-json\/wp\/v2\/tags?post=5314"}],"curies":[{"name":"wp","href":"https:\/\/api.w.org\/{rel}","templated":true}]}}