{"id":5323,"date":"2021-05-31T17:35:58","date_gmt":"2021-05-31T15:35:58","guid":{"rendered":"http:\/\/www.fundaciolluiscoromina.org\/?p=5323"},"modified":"2021-05-31T17:35:58","modified_gmt":"2021-05-31T15:35:58","slug":"la-fundacio-lluis-coromina-acull-dues-activitats-de-la-17a-edicio-de-laphonica","status":"publish","type":"post","link":"http:\/\/fundaciolluiscoromina.org\/index.php\/2021\/05\/31\/la-fundacio-lluis-coromina-acull-dues-activitats-de-la-17a-edicio-de-laphonica\/","title":{"rendered":"La Fundaci\u00f3 Llu\u00eds Coromina acull dues activitats de la 17a edici\u00f3 de l\u2019(a)ph\u00f2nica"},"content":{"rendered":"<p>Torna l\u2019(a)ph\u00f2nica, el Festival de la Veu de Banyoles, i la Fundaci\u00f3 Llu\u00eds Coromina hi col\u00b7labora un any m\u00e9s acollint algunes de les activitats de la 17a edici\u00f3. Per una banda,\u00a0<strong>l\u2019exposici\u00f3\u00a0<\/strong><strong><em>Dibuix en directe<\/em><\/strong>, que s\u2019inaugurar\u00e0 el proper divendres 18 de juny (20 h)\u00a0 i es podr\u00e0 visitar fins al diumenge 27 de juny. La mostra recollir\u00e0 algunes de les il\u00b7lustracions m\u00e9s originals i emotives de la setzena edici\u00f3, que va tenir lloc al 2019, de la m\u00e0 d\u2019artistes com Txell Darn\u00e9, Jaume Geli, Joanic o Clara Gisperts, entre d\u2019altres. Per altra banda, el dissabte 26 de juny (13 h) tindr\u00e0 lloc l\u2019actuaci\u00f3 musical del cantautor brit\u00e0nic<strong> Sam Berridge<\/strong>, que presentar\u00e0 el seu \u00e0lbum de debut\u00a0<em>Lost &amp; Found<\/em>\u00a0(Vida Records, 2019), un treball \u00edntim i autobiogr\u00e0fic que reflecteix la innoc\u00e8ncia buc\u00f2lica de la seva inf\u00e0ncia, amb can\u00e7ons d\u2019atmosfera delicada i aura pastoral que emocionen a cop de senzillesa i honestedat. Ambdues propostes es duran a terme a l\u2019Espai Eat Art de la Fundaci\u00f3 Llu\u00eds Coromina i tindran aforament limitat. Per assistir-hi cal fer reserva pr\u00e8via al\u00a0<a href=\"http:\/\/www.aphonica.banyoles.cat\/\">web oficial de l\u2019(a)ph\u00f2nica<\/a>.<\/p>\n<p>&nbsp;<\/p>\n<p><strong>Exposici\u00f3 <em>Dibuix en directe<\/em><\/strong><\/p>\n<p>Del divendres 18 al diumenge 27 de juny a l&#8217;Espai Eat Art<\/p>\n<p>Horaris:<br \/>\nDissabte 19 de juny: de 10 h a 14 h i de 16:30 h a 20:30 h<br \/>\nDel dijous 24 de juny: de 16:30 h a 20:30 h<br \/>\nDel divendres 25 al diumenge 27 de juny: de 10 h a 14 h i de 16:30 h a 20:30 h<\/p>\n<p>&nbsp;<\/p>\n<p><strong>Concert de Sam Berridge<\/strong><\/p>\n<p>Dissabte 26 de juny a les 13 h<\/p>\n<p><a href=\"http:\/\/www.fundaciolluiscoromina.org\/wp-content\/uploads\/2021\/05\/SamBerridge-01.jpg\"><img loading=\"lazy\" decoding=\"async\" class=\"alignnone size-medium wp-image-5325\" src=\"http:\/\/www.fundaciolluiscoromina.org\/wp-content\/uploads\/2021\/05\/SamBerridge-01-300x203.jpg\" alt=\"\" width=\"300\" height=\"203\" \/><\/a><\/p>\n<p>M\u00e9s informaci\u00f3 i reserva d&#8217;entrades a <a href=\"https:\/\/www.aphonica.banyoles.cat\/2021\/\" target=\"_blank\" rel=\"noopener\">aphonica.banyoles.cat<\/a><\/p>\n","protected":false},"excerpt":{"rendered":"<p>Torna l\u2019(a)ph\u00f2nica, el Festival de la Veu de Banyoles, i la Fundaci\u00f3 Llu\u00eds Coromina hi col\u00b7labora un any m\u00e9s acollint &#8230;<\/p>\n","protected":false},"author":2,"featured_media":5324,"comment_status":"open","ping_status":"open","sticky":false,"template":"","format":"standard","meta":{"footnotes":""},"categories":[10],"tags":[],"class_list":["post-5323","post","type-post","status-publish","format-standard","has-post-thumbnail","hentry","category-activitats"],"_links":{"self":[{"href":"http:\/\/fundaciolluiscoromina.org\/index.php\/wp-json\/wp\/v2\/posts\/5323","targetHints":{"allow":["GET"]}}],"collection":[{"href":"http:\/\/fundaciolluiscoromina.org\/index.php\/wp-json\/wp\/v2\/posts"}],"about":[{"href":"http:\/\/fundaciolluiscoromina.org\/index.php\/wp-json\/wp\/v2\/types\/post"}],"author":[{"embeddable":true,"href":"http:\/\/fundaciolluiscoromina.org\/index.php\/wp-json\/wp\/v2\/users\/2"}],"replies":[{"embeddable":true,"href":"http:\/\/fundaciolluiscoromina.org\/index.php\/wp-json\/wp\/v2\/comments?post=5323"}],"version-history":[{"count":0,"href":"http:\/\/fundaciolluiscoromina.org\/index.php\/wp-json\/wp\/v2\/posts\/5323\/revisions"}],"wp:attachment":[{"href":"http:\/\/fundaciolluiscoromina.org\/index.php\/wp-json\/wp\/v2\/media?parent=5323"}],"wp:term":[{"taxonomy":"category","embeddable":true,"href":"http:\/\/fundaciolluiscoromina.org\/index.php\/wp-json\/wp\/v2\/categories?post=5323"},{"taxonomy":"post_tag","embeddable":true,"href":"http:\/\/fundaciolluiscoromina.org\/index.php\/wp-json\/wp\/v2\/tags?post=5323"}],"curies":[{"name":"wp","href":"https:\/\/api.w.org\/{rel}","templated":true}]}}