{"id":5329,"date":"2021-06-02T11:52:55","date_gmt":"2021-06-02T09:52:55","guid":{"rendered":"http:\/\/www.fundaciolluiscoromina.org\/?p=5329"},"modified":"2021-06-02T11:52:55","modified_gmt":"2021-06-02T09:52:55","slug":"noves-activitats-de-la-llibreria-laltell-a-lespai-eat-art-durant-el-mes-de-juny","status":"publish","type":"post","link":"http:\/\/fundaciolluiscoromina.org\/index.php\/2021\/06\/02\/noves-activitats-de-la-llibreria-laltell-a-lespai-eat-art-durant-el-mes-de-juny\/","title":{"rendered":"La llibreria L&#8217;Altell proposa noves activitats a l&#8217;Espai Eat Art durant el mes de juny"},"content":{"rendered":"<p>L\u2019Espai Eat Art de la Fundaci\u00f3 Llu\u00eds Coromina acull noves presentacions i activitats liter\u00e0ries organitzades per la llibreia L\u2019Altell de Banyoles, un conjunt de\u00a0propostes ben interessants per a tots els gustos i edats.\u00a0Des del club de lectura per a adults amb el llibre <em>Amor i no<\/em>\u00a0d&#8217;Alba Dalmau (dijous 3 de juny, 20 h), passant pels diversos clubs de lectura per a petits i grans, fins a la sessi\u00f3 Viu en directe amb Laia F\u00e0bregas (dimecres 16 de juny, 19:30 h), que presentar\u00e0 el llibre <em>No escriur\u00e9 la teva hist\u00f2ria<\/em>.<\/p>\n<p>Podeu trobar la informaci\u00f3 de totes les activitats i horaris <a href=\"https:\/\/www.laltell.cat\/agenda\"><strong>en aquest enlla\u00e7<\/strong><\/a>.<\/p>\n<p>&nbsp;<\/p>\n","protected":false},"excerpt":{"rendered":"<p>L\u2019Espai Eat Art de la Fundaci\u00f3 Llu\u00eds Coromina acull noves presentacions i activitats liter\u00e0ries organitzades per la llibreia L\u2019Altell de &#8230;<\/p>\n","protected":false},"author":2,"featured_media":5330,"comment_status":"open","ping_status":"open","sticky":false,"template":"","format":"standard","meta":{"footnotes":""},"categories":[10],"tags":[],"class_list":["post-5329","post","type-post","status-publish","format-standard","has-post-thumbnail","hentry","category-activitats"],"_links":{"self":[{"href":"http:\/\/fundaciolluiscoromina.org\/index.php\/wp-json\/wp\/v2\/posts\/5329","targetHints":{"allow":["GET"]}}],"collection":[{"href":"http:\/\/fundaciolluiscoromina.org\/index.php\/wp-json\/wp\/v2\/posts"}],"about":[{"href":"http:\/\/fundaciolluiscoromina.org\/index.php\/wp-json\/wp\/v2\/types\/post"}],"author":[{"embeddable":true,"href":"http:\/\/fundaciolluiscoromina.org\/index.php\/wp-json\/wp\/v2\/users\/2"}],"replies":[{"embeddable":true,"href":"http:\/\/fundaciolluiscoromina.org\/index.php\/wp-json\/wp\/v2\/comments?post=5329"}],"version-history":[{"count":0,"href":"http:\/\/fundaciolluiscoromina.org\/index.php\/wp-json\/wp\/v2\/posts\/5329\/revisions"}],"wp:attachment":[{"href":"http:\/\/fundaciolluiscoromina.org\/index.php\/wp-json\/wp\/v2\/media?parent=5329"}],"wp:term":[{"taxonomy":"category","embeddable":true,"href":"http:\/\/fundaciolluiscoromina.org\/index.php\/wp-json\/wp\/v2\/categories?post=5329"},{"taxonomy":"post_tag","embeddable":true,"href":"http:\/\/fundaciolluiscoromina.org\/index.php\/wp-json\/wp\/v2\/tags?post=5329"}],"curies":[{"name":"wp","href":"https:\/\/api.w.org\/{rel}","templated":true}]}}