{"id":5334,"date":"2021-06-03T10:48:13","date_gmt":"2021-06-03T08:48:13","guid":{"rendered":"http:\/\/www.fundaciolluiscoromina.org\/?p=5334"},"modified":"2021-06-03T10:48:13","modified_gmt":"2021-06-03T08:48:13","slug":"el-saxofonista-don-malfon-actuara-el-divendres-11-de-juny-a-lespai-eat-art","status":"publish","type":"post","link":"http:\/\/fundaciolluiscoromina.org\/index.php\/2021\/06\/03\/el-saxofonista-don-malfon-actuara-el-divendres-11-de-juny-a-lespai-eat-art\/","title":{"rendered":"El saxofonista Don Malfon actuar\u00e0 el divendres 11 de juny a l&#8217;Espai Eat Art"},"content":{"rendered":"<p>La Fundaci\u00f3 Llu\u00eds Coromina ha reprogramat el concert del saxofonista Don Malfon, que actuar\u00e0 el divendres 11 de juny (20 h) a l\u2019Espai Eat Art de Banyoles. Amb aquesta actuaci\u00f3, que havia de tenir lloc el divendres 16 d&#8217;abril i es va haver de posposar per motius de salut de l&#8217;artista, es culmina el cicle de concerts de jazz i m\u00fasiques improvisades que va comen\u00e7ar el dijous 4 de mar\u00e7, amb la col\u00b7laboraci\u00f3 del Festival d&#8217;Emerg\u00e8ncies Musicals de Banyoles (FEMJazz!).<\/p>\n<p>El saxofonista Alfonso Mu\u00f1oz (Don Malfon) \u00e9s un dels m\u00fasics catalans m\u00e9s actius dins el m\u00f3n de la improvisaci\u00f3 lliure. Amb m\u00e9s de quaranta discs publicats, ha col\u00b7laborat amb m\u00fasics de renom com John Edward, Agust\u00ed Fern\u00e1ndez o Barry Guy, entre d\u2019altres. Despr\u00e9s de nombrosos concerts arreu d\u2019Europa i Sud-am\u00e8rica, arriba a Banyoles per presentar diverses improvisacions basades en el seu \u00faltim disc en solitari,\u00a0<em>On Resonance<\/em>, un treball centrat en l\u2019exploraci\u00f3 sonora ac\u00fastica. el darrer concert amb.<\/p>\n<p>L\u2019aforament per al concert de divendres 11 de juny \u00e9s limitat i les entrades per cada espectacle (8 \u20ac) es posaran a la venda el mateix dia, una hora abans de l\u2019inici de l\u2019actuaci\u00f3.<\/p>\n","protected":false},"excerpt":{"rendered":"<p>La Fundaci\u00f3 Llu\u00eds Coromina ha reprogramat el concert del saxofonista Don Malfon, que actuar\u00e0 el divendres 11 de juny (20 &#8230;<\/p>\n","protected":false},"author":2,"featured_media":5067,"comment_status":"open","ping_status":"open","sticky":false,"template":"","format":"standard","meta":{"footnotes":""},"categories":[10],"tags":[],"class_list":["post-5334","post","type-post","status-publish","format-standard","has-post-thumbnail","hentry","category-activitats"],"_links":{"self":[{"href":"http:\/\/fundaciolluiscoromina.org\/index.php\/wp-json\/wp\/v2\/posts\/5334","targetHints":{"allow":["GET"]}}],"collection":[{"href":"http:\/\/fundaciolluiscoromina.org\/index.php\/wp-json\/wp\/v2\/posts"}],"about":[{"href":"http:\/\/fundaciolluiscoromina.org\/index.php\/wp-json\/wp\/v2\/types\/post"}],"author":[{"embeddable":true,"href":"http:\/\/fundaciolluiscoromina.org\/index.php\/wp-json\/wp\/v2\/users\/2"}],"replies":[{"embeddable":true,"href":"http:\/\/fundaciolluiscoromina.org\/index.php\/wp-json\/wp\/v2\/comments?post=5334"}],"version-history":[{"count":0,"href":"http:\/\/fundaciolluiscoromina.org\/index.php\/wp-json\/wp\/v2\/posts\/5334\/revisions"}],"wp:attachment":[{"href":"http:\/\/fundaciolluiscoromina.org\/index.php\/wp-json\/wp\/v2\/media?parent=5334"}],"wp:term":[{"taxonomy":"category","embeddable":true,"href":"http:\/\/fundaciolluiscoromina.org\/index.php\/wp-json\/wp\/v2\/categories?post=5334"},{"taxonomy":"post_tag","embeddable":true,"href":"http:\/\/fundaciolluiscoromina.org\/index.php\/wp-json\/wp\/v2\/tags?post=5334"}],"curies":[{"name":"wp","href":"https:\/\/api.w.org\/{rel}","templated":true}]}}