{"id":5338,"date":"2021-06-04T10:04:41","date_gmt":"2021-06-04T08:04:41","guid":{"rendered":"http:\/\/www.fundaciolluiscoromina.org\/?p=5338"},"modified":"2021-06-04T10:04:41","modified_gmt":"2021-06-04T08:04:41","slug":"nova-visita-guiada-coneix-la-xxii-biennal-dart-contemporani-catala","status":"publish","type":"post","link":"http:\/\/fundaciolluiscoromina.org\/index.php\/2021\/06\/04\/nova-visita-guiada-coneix-la-xxii-biennal-dart-contemporani-catala\/","title":{"rendered":"Quarta visita guiada a la XXII Biennal d\u2019Art Contemporani Catal\u00e0!"},"content":{"rendered":"<div class=\"data\"><\/div>\n<p>La Fundaci\u00f3 Llu\u00eds Coromina presenta la quarta visita guiada a la XXII Biennal d\u2019Art Contemporani Catal\u00e0, que tindr\u00e0 lloc el pr\u00f2xim\u00a0<strong>dimarts 8 de juny a les 17 h\u00a0<\/strong>i en aquesta ocasi\u00f3\u00a0comptar\u00e0 amb la pres\u00e8ncia de l&#8217;artista <strong>Joanpere Massana<\/strong> i\u00a0del curador de la mostra <strong>Josep Canals<\/strong>. Aquest circuit de visites guiades de car\u00e0cter pedag\u00f2gic es realitzen amb l\u2019objectiu de con\u00e8ixer i contemplar les obres de la Biennal, organitzada per la galeria d\u2019art Canals, Bonart Cultural i la Fundaci\u00f3 LLu\u00eds Coromina, i\u00a0que enguany vol ser un homenatge als 591 artistes que han exposat durant les vint-i-dues edicions.<\/p>\n<p>L\u2019activitat\u00a0 s\u2019iniciar\u00e0 amb la contemplaci\u00f3 de la fa\u00e7ana de l\u2019edifici de l\u2019Espai Isern Dalmau. Tot seguit, es descobriran els diferents espais de\u00a0<em>coworking<\/em>, fins arribar a la sala on s\u2019exposa la XXII Biennal d\u2019Art Contemporani Catal\u00e0, que est\u00e0 composta per dues vessants art\u00edstiques: una selecci\u00f3 de diferents obres de petit i mitj\u00e0 format de m\u00e9s d\u2019una desena d\u2019autors i artistes, i la projecci\u00f3 d\u2019un\u00a0v\u00eddeo art\u00edstic de l\u2019artista Joan Fontcuberta, que\u00a0reflecteix l\u2019obra del m\u00e9s de mig miler d\u2019artistes que han format part de l\u2019exposici\u00f3 des de l\u2019any 1977.<\/p>\n<p>La segona visita guiada es realitzar\u00e0 aquest\u00a0dimarts 8 de juny a les 17 h, i<strong> estar\u00e0 limitada a un grup redu\u00eft de 10 persones<\/strong>. El p\u00fablic interessat en assistir-hi pot reservar la seva pla\u00e7a enviant un correu electr\u00f2nic a\u00a0<a href=\"http:\/\/jsola@fundaciolluiscoromina.cat\/\">jsola@fundaciolluiscoromina.cat<\/a>.<\/p>\n<p>M\u00e9s informaci\u00f3 de la XXII Biennal d&#8217;Art Contemporani Catal\u00e0 <a href=\"http:\/\/www.fundaciolluiscoromina.org\/xxii-biennal-dart-contemporani-catala-de-l11-de-marc-fins-al-15-de-juny-a-lespai-isern-dalmau\/\"><strong>en aquest enlla\u00e7<\/strong><\/a>.<\/p>\n<p>&nbsp;<\/p>\n","protected":false},"excerpt":{"rendered":"<p>La Fundaci\u00f3 Llu\u00eds Coromina presenta la quarta visita guiada a la XXII Biennal d\u2019Art Contemporani Catal\u00e0, que tindr\u00e0 lloc el &#8230;<\/p>\n","protected":false},"author":2,"featured_media":5339,"comment_status":"open","ping_status":"open","sticky":false,"template":"","format":"standard","meta":{"footnotes":""},"categories":[10],"tags":[],"class_list":["post-5338","post","type-post","status-publish","format-standard","has-post-thumbnail","hentry","category-activitats"],"_links":{"self":[{"href":"http:\/\/fundaciolluiscoromina.org\/index.php\/wp-json\/wp\/v2\/posts\/5338","targetHints":{"allow":["GET"]}}],"collection":[{"href":"http:\/\/fundaciolluiscoromina.org\/index.php\/wp-json\/wp\/v2\/posts"}],"about":[{"href":"http:\/\/fundaciolluiscoromina.org\/index.php\/wp-json\/wp\/v2\/types\/post"}],"author":[{"embeddable":true,"href":"http:\/\/fundaciolluiscoromina.org\/index.php\/wp-json\/wp\/v2\/users\/2"}],"replies":[{"embeddable":true,"href":"http:\/\/fundaciolluiscoromina.org\/index.php\/wp-json\/wp\/v2\/comments?post=5338"}],"version-history":[{"count":0,"href":"http:\/\/fundaciolluiscoromina.org\/index.php\/wp-json\/wp\/v2\/posts\/5338\/revisions"}],"wp:attachment":[{"href":"http:\/\/fundaciolluiscoromina.org\/index.php\/wp-json\/wp\/v2\/media?parent=5338"}],"wp:term":[{"taxonomy":"category","embeddable":true,"href":"http:\/\/fundaciolluiscoromina.org\/index.php\/wp-json\/wp\/v2\/categories?post=5338"},{"taxonomy":"post_tag","embeddable":true,"href":"http:\/\/fundaciolluiscoromina.org\/index.php\/wp-json\/wp\/v2\/tags?post=5338"}],"curies":[{"name":"wp","href":"https:\/\/api.w.org\/{rel}","templated":true}]}}