{"id":5351,"date":"2021-06-21T13:14:08","date_gmt":"2021-06-21T11:14:08","guid":{"rendered":"http:\/\/www.fundaciolluiscoromina.org\/?p=5351"},"modified":"2021-06-21T13:14:08","modified_gmt":"2021-06-21T11:14:08","slug":"lexposicio-la-barraca-onirica-dali-joan-vehi-i-la-creacio-contemporania-a-palamos","status":"publish","type":"post","link":"http:\/\/fundaciolluiscoromina.org\/index.php\/2021\/06\/21\/lexposicio-la-barraca-onirica-dali-joan-vehi-i-la-creacio-contemporania-a-palamos\/","title":{"rendered":"L\u2019exposici\u00f3 \u2018La barraca on\u00edrica: Dal\u00ed, Joan Veh\u00ed i la creaci\u00f3 contempor\u00e0nia\u2019, a Palam\u00f3s"},"content":{"rendered":"<p>La Fundaci\u00f3 Llu\u00eds Coromina col\u00b7labora amb l\u2019exposici\u00f3 <em>La barraca on\u00edrica: Dal\u00ed, Joan Veh\u00ed i la creaci\u00f3 contempor\u00e0nia<\/em>, una mostra art\u00edstica on es posa de manifest l\u2019arquitectura singular de la barraca que el reconegut artista empordan\u00e8s va dissenyar prop de la platja de Castell de Palam\u00f3s. Promoguda per la regidoria de Patrimoni de l\u2019Ajuntament de Palam\u00f3s i el Museu de la Pesca, l\u2019exposici\u00f3 ha comptat amb la direcci\u00f3 de bonart cultural i amb el suport de la Fundaci\u00f3 Joan Veh\u00ed. La inauguraci\u00f3 de la mostra tindr\u00e0 lloc el proper dimarts 22 de juny a les 19 h a la Capella del Carme de Palam\u00f3s, i hi assistir\u00e0 Llu\u00eds Puig, alcalde del municipi; Pere Maset, director de la Fundaci\u00f3 Joan Veh\u00ed, i Ricard Planas, director de la Fundaci\u00f3 Llu\u00eds Coromina i curador de l\u2019exposici\u00f3.<\/p>\n<p>Basada en diversos eixos que vinculen la figura de Dal\u00ed amb conceptes i persones com Palam\u00f3s, Josep Maria Sert, Puig Palau, Joan Veh\u00ed o la creaci\u00f3 contempor\u00e0nia, l\u2019exposici\u00f3 <em>La barraca on\u00edrica: Dal\u00ed, Joan Veh\u00ed i la creaci\u00f3 contempor\u00e0nia<\/em> \u00e9s una recreaci\u00f3 on\u00edrica del que s\u2019hagu\u00e9s pogut crear a dins de la barraca que el mecenes Albert Puig Palau va constru\u00efr per Dal\u00ed despr\u00e9s d\u2019arribar a un acord amb l\u2019artista internacional Josep Maria Sert. Aix\u00ed doncs, la instal\u00b7laci\u00f3 pret\u00e9n entrar a la psique i l\u2019imaginari de Dal\u00ed, i est\u00e0 creada a partir de les imatges i els objectes del fons de la Fundaci\u00f3 Joan Veh\u00ed, que va ser fot\u00f2graf, fuster de confian\u00e7a i amic del geni empordan\u00e8s i el va retratar en la m\u00e9s \u00edntima proximitat. L\u2019exposici\u00f3 es completa amb el muntatge art\u00edstic d\u2019Enric Ansesa, coneixedor de l\u2019univers figuerenc, i de les fotografies de Francesc Guillamet, que\u00a0 que retrata una barraca en blanc i negre, per dins i per fora, a la qual s\u2019accedeix per una porta en biaix, que ben b\u00e9 podria ser una met\u00e0fora del que esdevindria l\u2019univers dalini\u00e0.<\/p>\n<p><a href=\"http:\/\/www.fundaciolluiscoromina.org\/wp-content\/uploads\/2021\/06\/barraca2.jpg\"><img loading=\"lazy\" decoding=\"async\" class=\"alignnone size-medium wp-image-5354\" src=\"http:\/\/www.fundaciolluiscoromina.org\/wp-content\/uploads\/2021\/06\/barraca2-249x300.jpg\" alt=\"\" width=\"249\" height=\"300\" \/><\/a><\/p>\n<p>L\u2019exposici\u00f3 <em>La barraca on\u00edrica: Dal\u00ed, Joan Veh\u00ed i la creaci\u00f3 contempor\u00e0nia<\/em> s\u2019inaugura el dimarts 22 de juny i es podr\u00e0 visitar a la Capella del Carme de Palam\u00f3s fins a finals de setembre, cada dia de 18 h a 21 h durant els mesos de juliol i agost. Els mesos de juny i setembre l\u2019horari ser\u00e0 nom\u00e9s de caps de setmana: divendres i dissabtes de 17 h a 20 h, i diumenges i festius d\u201911 h a 14 h.<\/p>\n","protected":false},"excerpt":{"rendered":"<p>La Fundaci\u00f3 Llu\u00eds Coromina col\u00b7labora amb l\u2019exposici\u00f3 La barraca on\u00edrica: Dal\u00ed, Joan Veh\u00ed i la creaci\u00f3 contempor\u00e0nia, una mostra art\u00edstica &#8230;<\/p>\n","protected":false},"author":2,"featured_media":5353,"comment_status":"open","ping_status":"open","sticky":false,"template":"","format":"standard","meta":{"footnotes":""},"categories":[10],"tags":[],"class_list":["post-5351","post","type-post","status-publish","format-standard","has-post-thumbnail","hentry","category-activitats"],"_links":{"self":[{"href":"http:\/\/fundaciolluiscoromina.org\/index.php\/wp-json\/wp\/v2\/posts\/5351","targetHints":{"allow":["GET"]}}],"collection":[{"href":"http:\/\/fundaciolluiscoromina.org\/index.php\/wp-json\/wp\/v2\/posts"}],"about":[{"href":"http:\/\/fundaciolluiscoromina.org\/index.php\/wp-json\/wp\/v2\/types\/post"}],"author":[{"embeddable":true,"href":"http:\/\/fundaciolluiscoromina.org\/index.php\/wp-json\/wp\/v2\/users\/2"}],"replies":[{"embeddable":true,"href":"http:\/\/fundaciolluiscoromina.org\/index.php\/wp-json\/wp\/v2\/comments?post=5351"}],"version-history":[{"count":0,"href":"http:\/\/fundaciolluiscoromina.org\/index.php\/wp-json\/wp\/v2\/posts\/5351\/revisions"}],"wp:attachment":[{"href":"http:\/\/fundaciolluiscoromina.org\/index.php\/wp-json\/wp\/v2\/media?parent=5351"}],"wp:term":[{"taxonomy":"category","embeddable":true,"href":"http:\/\/fundaciolluiscoromina.org\/index.php\/wp-json\/wp\/v2\/categories?post=5351"},{"taxonomy":"post_tag","embeddable":true,"href":"http:\/\/fundaciolluiscoromina.org\/index.php\/wp-json\/wp\/v2\/tags?post=5351"}],"curies":[{"name":"wp","href":"https:\/\/api.w.org\/{rel}","templated":true}]}}