{"id":5359,"date":"2021-06-28T13:43:58","date_gmt":"2021-06-28T11:43:58","guid":{"rendered":"http:\/\/www.fundaciolluiscoromina.org\/?p=5359"},"modified":"2021-06-28T13:43:58","modified_gmt":"2021-06-28T11:43:58","slug":"lespai-isern-dalmau-acull-lexposicio-lviii-concurs-internacional-de-dibuix-ynglada-guillot","status":"publish","type":"post","link":"http:\/\/fundaciolluiscoromina.org\/index.php\/2021\/06\/28\/lespai-isern-dalmau-acull-lexposicio-lviii-concurs-internacional-de-dibuix-ynglada-guillot\/","title":{"rendered":"L\u2019Espai Isern Dalmau acull l\u2019exposici\u00f3 \u2018LVIII Concurs Internacional de Dibuix Ynglada-Guillot\u2019"},"content":{"rendered":"<p>La Fundaci\u00f3 Ynglada-Guillot, en col\u00b7laboraci\u00f3 amb la Fundaci\u00f3 Vila Casas i la Fundaci\u00f3 Llu\u00eds Coromina, presenta a l\u2019Espai Isern Dalmau l\u2019exposici\u00f3 <em>LVIII Concurs Internacional de Dibuix Ynglada-Guillot, <\/em>un recull de les obres seleccionades en el marc del 58a edici\u00f3 del Premi Internacional de Dibuix Yngla\u00adda-Guillot. Durant la inauguraci\u00f3 de la mostra, que tindr\u00e0 lloc el dijous 1 de juliol a les 18 h, tamb\u00e9 es realitzar\u00e0 l\u2019entrega del premi al guanyador de l\u2019edici\u00f3 d\u2019enguany, l\u2019artista Jorge Gallego Garc\u00eda, que ha estat guardonat per la seva obra <em>La edad del porvenir<\/em>. L\u2019acte inaugural estar\u00e0 presidit per Josep Munta\u00f1ola, president de la Fundaci\u00f3 Ynglada-Guillot; Antoni Vila Casas, president de la Fundaci\u00f3 Vila Casas, i Llu\u00eds Coromina Isern, presi\u00addent de la Fundaci\u00f3 Llu\u00eds Coromina.<\/p>\n<p>La mostra <em>LVIII Concurs Internacional de Dibuix Ynglada-Guillot<\/em> \u00e9s una recull d\u2019algunes de les obres que han participat al certamen d\u2019enguany, les quals han estat se\u00adleccionades per un jurat format per Nat\u00e0lia Chocarro, Mireia Freixa, \u00c0lex Nogu\u00e9, Rosa Vives i Joan Sol\u00e0. L\u2019exposici\u00f3, que es podr\u00e0 visitar fins al 10 de setembre, tindr\u00e0 un aforament limitat i les visites es realitzaran en grups redu\u00efts de m\u00e0xim 15 persones, de dimarts a divendres de 17 h a 20 h i els dissabtes de 10 a 13 h.<\/p>\n<p>&nbsp;<\/p>\n<p><strong>58 edicions del Concurs de Dibuix Ynglada-Guillot<\/strong><\/p>\n<p>La Fundaci\u00f3 Ynglada-Guillot va presentar la primera edici\u00f3 del Premi Internacio\u00adnal de Dibuix el mateix any de la seva fundaci\u00f3, el 1959. Des d\u2019aleshores, el concurs de dibuix es convoca anualment, i compta amb la col.laboraci\u00f3 de la Reial Acad\u00e8mia Catalana de Belles Arts de Sant Jordi, la Fundaci\u00f3 Vila Casas i, enguany, tamb\u00e9 de la Fundaci\u00f3 Llu\u00eds Coromina.<\/p>\n","protected":false},"excerpt":{"rendered":"<p>La Fundaci\u00f3 Ynglada-Guillot, en col\u00b7laboraci\u00f3 amb la Fundaci\u00f3 Vila Casas i la Fundaci\u00f3 Llu\u00eds Coromina, presenta a l\u2019Espai Isern Dalmau &#8230;<\/p>\n","protected":false},"author":2,"featured_media":5360,"comment_status":"open","ping_status":"open","sticky":false,"template":"","format":"standard","meta":{"footnotes":""},"categories":[10],"tags":[],"class_list":["post-5359","post","type-post","status-publish","format-standard","has-post-thumbnail","hentry","category-activitats"],"_links":{"self":[{"href":"http:\/\/fundaciolluiscoromina.org\/index.php\/wp-json\/wp\/v2\/posts\/5359","targetHints":{"allow":["GET"]}}],"collection":[{"href":"http:\/\/fundaciolluiscoromina.org\/index.php\/wp-json\/wp\/v2\/posts"}],"about":[{"href":"http:\/\/fundaciolluiscoromina.org\/index.php\/wp-json\/wp\/v2\/types\/post"}],"author":[{"embeddable":true,"href":"http:\/\/fundaciolluiscoromina.org\/index.php\/wp-json\/wp\/v2\/users\/2"}],"replies":[{"embeddable":true,"href":"http:\/\/fundaciolluiscoromina.org\/index.php\/wp-json\/wp\/v2\/comments?post=5359"}],"version-history":[{"count":0,"href":"http:\/\/fundaciolluiscoromina.org\/index.php\/wp-json\/wp\/v2\/posts\/5359\/revisions"}],"wp:attachment":[{"href":"http:\/\/fundaciolluiscoromina.org\/index.php\/wp-json\/wp\/v2\/media?parent=5359"}],"wp:term":[{"taxonomy":"category","embeddable":true,"href":"http:\/\/fundaciolluiscoromina.org\/index.php\/wp-json\/wp\/v2\/categories?post=5359"},{"taxonomy":"post_tag","embeddable":true,"href":"http:\/\/fundaciolluiscoromina.org\/index.php\/wp-json\/wp\/v2\/tags?post=5359"}],"curies":[{"name":"wp","href":"https:\/\/api.w.org\/{rel}","templated":true}]}}