{"id":5368,"date":"2021-07-08T12:22:09","date_gmt":"2021-07-08T10:22:09","guid":{"rendered":"http:\/\/www.fundaciolluiscoromina.org\/?p=5368"},"modified":"2021-07-08T12:22:09","modified_gmt":"2021-07-08T10:22:09","slug":"la-fundacio-lluis-coromina-collabora-amb-els-premis-principals-del-66e-concurs-internacional-de-musica-maria-canals","status":"publish","type":"post","link":"http:\/\/fundaciolluiscoromina.org\/index.php\/2021\/07\/08\/la-fundacio-lluis-coromina-collabora-amb-els-premis-principals-del-66e-concurs-internacional-de-musica-maria-canals\/","title":{"rendered":"La Fundaci\u00f3 Llu\u00eds Coromina col\u00b7labora amb el 66\u00e8 Concurs Internacional de M\u00fasica Maria Canals"},"content":{"rendered":"<p>Durant quinze dies, Barcelona es converteix en la capital mundial del piano i acull als millors pianistes i joves talents d\u2019arreu del m\u00f3n en el 66\u00e8 Concurs Internacional de M\u00fasica Maria Canals. Enguany, la Fundaci\u00f3 hi col\u00b7labora amb el tercer premi, anomenat<em> Premi Fundaci\u00f3 Llu\u00eds Coromina<\/em>, que consta d\u2019una dotaci\u00f3 econ\u00f2mica de 6.000 \u20ac i est\u00e0 relacionat amb el vincle que ha tingut durant molts anys la presidenta d\u2019honor de la Fundaci\u00f3 Llu\u00eds Coromina, la Sra. Montserrat Isern Delcl\u00f3s.<\/p>\n<p>El Concurs Internacional de M\u00fasica Maria Canals celebra la seva 66a edici\u00f3 entre el 3 i el 15 de juliol al Palau de la M\u00fasica Catalana. Amb la col\u00b7laboraci\u00f3 d\u2019altres entitats com la Fundaci\u00f3 Jes\u00fas Serra o la Fundaci\u00f3 Carulla, entre d\u2019altres, els artistes participants opten a diversos guardons i reconeixements, valorats amb m\u00e9s de 80.000\u20ac. El jurat d\u2019enguany est\u00e0 format per diferents m\u00fasics internacionals de renom com Carlos Cebro, Ramon Coll o Eva Osinska, entre d\u2019altres.<\/p>\n<p>El lliurament de premis, que tindr\u00e0 lloc el dijous 15 de juliol (18 h) al Sal\u00f3 de Cent de l\u2019Ajutament de Barcelona, \u00e9s un homenatge a l\u2019esfor\u00e7 dels guardonats, el jurat i tamb\u00e9 a tots els donants de premis, essencials per fer possible aquesta festa del pianisme mundial.<\/p>\n<p>Tota la informaci\u00f3 del 66\u00e8 Concurs Internacional de M\u00fasica Maria Canals es pot trobar <strong><a href=\"https:\/\/www.mariacanals.org\/concurs\/\" target=\"_blank\" rel=\"noopener\">en aquest enlla<\/a><\/strong>\u00e7.<\/p>\n<p><strong>Concurs Internacional de M\u00fasica Maria Canals<\/strong><\/p>\n<p>L\u2019associaci\u00f3 del Concurs Internacional de M\u00fasica Maria Canals \u00e9s una entitat sense \u00e0nim de lucre declarada d\u2019Utilitat P\u00fablica que t\u00e9 com a finalitat principal ajudar els joves int\u00e8rprets de tot el m\u00f3n que es volen dedicar professionalment a la pr\u00e0ctica musical, a trav\u00e9s de l\u2019organitzaci\u00f3 anual del\u00a0Concurs Internacional de M\u00fasica Maria Canals de Barcelona (MCB) des de l\u2019any 1954.<\/p>\n","protected":false},"excerpt":{"rendered":"<p>Durant quinze dies, Barcelona es converteix en la capital mundial del piano i acull als millors pianistes i joves talents &#8230;<\/p>\n","protected":false},"author":2,"featured_media":5369,"comment_status":"open","ping_status":"open","sticky":false,"template":"","format":"standard","meta":{"footnotes":""},"categories":[10],"tags":[],"class_list":["post-5368","post","type-post","status-publish","format-standard","has-post-thumbnail","hentry","category-activitats"],"_links":{"self":[{"href":"http:\/\/fundaciolluiscoromina.org\/index.php\/wp-json\/wp\/v2\/posts\/5368","targetHints":{"allow":["GET"]}}],"collection":[{"href":"http:\/\/fundaciolluiscoromina.org\/index.php\/wp-json\/wp\/v2\/posts"}],"about":[{"href":"http:\/\/fundaciolluiscoromina.org\/index.php\/wp-json\/wp\/v2\/types\/post"}],"author":[{"embeddable":true,"href":"http:\/\/fundaciolluiscoromina.org\/index.php\/wp-json\/wp\/v2\/users\/2"}],"replies":[{"embeddable":true,"href":"http:\/\/fundaciolluiscoromina.org\/index.php\/wp-json\/wp\/v2\/comments?post=5368"}],"version-history":[{"count":0,"href":"http:\/\/fundaciolluiscoromina.org\/index.php\/wp-json\/wp\/v2\/posts\/5368\/revisions"}],"wp:attachment":[{"href":"http:\/\/fundaciolluiscoromina.org\/index.php\/wp-json\/wp\/v2\/media?parent=5368"}],"wp:term":[{"taxonomy":"category","embeddable":true,"href":"http:\/\/fundaciolluiscoromina.org\/index.php\/wp-json\/wp\/v2\/categories?post=5368"},{"taxonomy":"post_tag","embeddable":true,"href":"http:\/\/fundaciolluiscoromina.org\/index.php\/wp-json\/wp\/v2\/tags?post=5368"}],"curies":[{"name":"wp","href":"https:\/\/api.w.org\/{rel}","templated":true}]}}