{"id":5373,"date":"2021-08-03T12:48:43","date_gmt":"2021-08-03T10:48:43","guid":{"rendered":"http:\/\/www.fundaciolluiscoromina.org\/?p=5373"},"modified":"2021-08-03T12:48:43","modified_gmt":"2021-08-03T10:48:43","slug":"els-espais-de-la-fundacio-lluis-coromina-tancats-per-vacances-durant-el-mes-dagost","status":"publish","type":"post","link":"http:\/\/fundaciolluiscoromina.org\/index.php\/2021\/08\/03\/els-espais-de-la-fundacio-lluis-coromina-tancats-per-vacances-durant-el-mes-dagost\/","title":{"rendered":"Els espais de la Fundaci\u00f3 Llu\u00eds Coromina, tancats per vacances durant el mes d\u2019agost"},"content":{"rendered":"<p>Els espais de la Fundaci\u00f3 Llu\u00eds Coromina romandran tancats per vacances durant tot aquest mes, a excepci\u00f3 de l\u2019Espai Isern Dalmau de Barcelona, que nom\u00e9s clour\u00e0 les seves portes entre els dies 9 i 23 d\u2019agost.<\/p>\n<p>Aix\u00ed doncs, durant tota aquesta primera setmana d\u2019agost, i a partir del dimarts 24 fins al 10 de setembre, es podr\u00e0 visitar a Barcelona l\u2019exposici\u00f3\u00a0<em>LVIII Concurs Internacional de Dibuix Ynglada-Guillot,\u00a0<\/em>el recull de les obres seleccionades en el marc del 58a edici\u00f3 del Premi Internacional de Dibuix Yngla\u00adda-Guillot. L\u2019horari de l\u2019Espai Isern Dalmau \u00e9s de dimarts a divendres de 17 h a 20 h, i els dissabtes de 10 a 13 h. Trobareu m\u00e9s informaci\u00f3 de la mostra <a href=\"http:\/\/www.fundaciolluiscoromina.org\/lespai-isern-dalmau-acull-lexposicio-lviii-concurs-internacional-de-dibuix-ynglada-guillot\/\" target=\"_blank\" rel=\"noopener\">en aquest enlla\u00e7<\/a>.<\/p>\n<p>&nbsp;<\/p>\n<p>La Fundaci\u00f3 tornar\u00e0 a obrir a partir del dimecres 1 de setembre.<\/p>\n","protected":false},"excerpt":{"rendered":"<p>Els espais de la Fundaci\u00f3 Llu\u00eds Coromina romandran tancats per vacances durant tot aquest mes, a excepci\u00f3 de l\u2019Espai Isern &#8230;<\/p>\n","protected":false},"author":2,"featured_media":5374,"comment_status":"open","ping_status":"open","sticky":false,"template":"","format":"standard","meta":{"footnotes":""},"categories":[10],"tags":[],"class_list":["post-5373","post","type-post","status-publish","format-standard","has-post-thumbnail","hentry","category-activitats"],"_links":{"self":[{"href":"http:\/\/fundaciolluiscoromina.org\/index.php\/wp-json\/wp\/v2\/posts\/5373","targetHints":{"allow":["GET"]}}],"collection":[{"href":"http:\/\/fundaciolluiscoromina.org\/index.php\/wp-json\/wp\/v2\/posts"}],"about":[{"href":"http:\/\/fundaciolluiscoromina.org\/index.php\/wp-json\/wp\/v2\/types\/post"}],"author":[{"embeddable":true,"href":"http:\/\/fundaciolluiscoromina.org\/index.php\/wp-json\/wp\/v2\/users\/2"}],"replies":[{"embeddable":true,"href":"http:\/\/fundaciolluiscoromina.org\/index.php\/wp-json\/wp\/v2\/comments?post=5373"}],"version-history":[{"count":0,"href":"http:\/\/fundaciolluiscoromina.org\/index.php\/wp-json\/wp\/v2\/posts\/5373\/revisions"}],"wp:attachment":[{"href":"http:\/\/fundaciolluiscoromina.org\/index.php\/wp-json\/wp\/v2\/media?parent=5373"}],"wp:term":[{"taxonomy":"category","embeddable":true,"href":"http:\/\/fundaciolluiscoromina.org\/index.php\/wp-json\/wp\/v2\/categories?post=5373"},{"taxonomy":"post_tag","embeddable":true,"href":"http:\/\/fundaciolluiscoromina.org\/index.php\/wp-json\/wp\/v2\/tags?post=5373"}],"curies":[{"name":"wp","href":"https:\/\/api.w.org\/{rel}","templated":true}]}}