{"id":5380,"date":"2021-09-01T11:00:58","date_gmt":"2021-09-01T09:00:58","guid":{"rendered":"http:\/\/www.fundaciolluiscoromina.org\/?p=5380"},"modified":"2021-09-01T11:00:58","modified_gmt":"2021-09-01T09:00:58","slug":"nova-presentacio-literaria-de-la-llibreria-laltell-a-lespai-eat-art-de-banyoles","status":"publish","type":"post","link":"http:\/\/fundaciolluiscoromina.org\/index.php\/2021\/09\/01\/nova-presentacio-literaria-de-la-llibreria-laltell-a-lespai-eat-art-de-banyoles\/","title":{"rendered":"Presentaci\u00f3 liter\u00e0ria de la llibreria L&#8217;Altell a l&#8217;Espai Eat Art de Banyoles"},"content":{"rendered":"<div>L&#8217;Espai Eat Art de la Fundaci\u00f3 Llu\u00eds Coromina acull la primera presentaci\u00f3 liter\u00e0ria despr\u00e9s de l&#8217;estiu de la llibreria L&#8217;Altell de Banyoles. L&#8217;activitat tindr\u00e0 lloc el<strong> divendres 3 de setembre a les 19:30 h<\/strong> a l&#8217;espai de la pla\u00e7a Major, i comptar\u00e0 amb l&#8217;assist\u00e8ncia de Joan-Llu\u00eds Llu\u00eds, que presentar\u00e0 per primera vegada el llibre\u00a0<i>Junil a les terres dels b\u00e0rbars.\u00a0<\/i>L&#8217;obra que gira entorn de l&#8217;hero\u00efna de la hist\u00f2ria, Junil, que en encola papirs a la llibreria del seu pare fins que aquest mor, i despr\u00e9s fuig a peu amb tres esclaus. Contextualitzada en el principi de l&#8217;era cristiana, es tracta d&#8217;una novel\u00b7la d&#8217;aventures en qu\u00e8 hi apareixen d\u00e9us, lleng\u00fces i cultures de diversos indrets del m\u00f3n.<\/div>\n<div><\/div>\n<div><\/div>\n<div>Les persones interessades en assistir a la presentaci\u00f3 poden reservar la seva pla\u00e7a <a href=\"https:\/\/www.laltell.cat\/producto\/fichaevento?identificador=250048\" target=\"_blank\" rel=\"noopener\">en aquest enlla\u00e7<\/a>.<\/div>\n<p>&nbsp;<\/p>\n","protected":false},"excerpt":{"rendered":"<p>L&#8217;Espai Eat Art de la Fundaci\u00f3 Llu\u00eds Coromina acull la primera presentaci\u00f3 liter\u00e0ria despr\u00e9s de l&#8217;estiu de la llibreria L&#8217;Altell &#8230;<\/p>\n","protected":false},"author":2,"featured_media":5383,"comment_status":"open","ping_status":"open","sticky":false,"template":"","format":"standard","meta":{"footnotes":""},"categories":[10],"tags":[],"class_list":["post-5380","post","type-post","status-publish","format-standard","has-post-thumbnail","hentry","category-activitats"],"_links":{"self":[{"href":"http:\/\/fundaciolluiscoromina.org\/index.php\/wp-json\/wp\/v2\/posts\/5380","targetHints":{"allow":["GET"]}}],"collection":[{"href":"http:\/\/fundaciolluiscoromina.org\/index.php\/wp-json\/wp\/v2\/posts"}],"about":[{"href":"http:\/\/fundaciolluiscoromina.org\/index.php\/wp-json\/wp\/v2\/types\/post"}],"author":[{"embeddable":true,"href":"http:\/\/fundaciolluiscoromina.org\/index.php\/wp-json\/wp\/v2\/users\/2"}],"replies":[{"embeddable":true,"href":"http:\/\/fundaciolluiscoromina.org\/index.php\/wp-json\/wp\/v2\/comments?post=5380"}],"version-history":[{"count":0,"href":"http:\/\/fundaciolluiscoromina.org\/index.php\/wp-json\/wp\/v2\/posts\/5380\/revisions"}],"wp:attachment":[{"href":"http:\/\/fundaciolluiscoromina.org\/index.php\/wp-json\/wp\/v2\/media?parent=5380"}],"wp:term":[{"taxonomy":"category","embeddable":true,"href":"http:\/\/fundaciolluiscoromina.org\/index.php\/wp-json\/wp\/v2\/categories?post=5380"},{"taxonomy":"post_tag","embeddable":true,"href":"http:\/\/fundaciolluiscoromina.org\/index.php\/wp-json\/wp\/v2\/tags?post=5380"}],"curies":[{"name":"wp","href":"https:\/\/api.w.org\/{rel}","templated":true}]}}