{"id":5390,"date":"2021-09-13T13:06:24","date_gmt":"2021-09-13T11:06:24","guid":{"rendered":"http:\/\/www.fundaciolluiscoromina.org\/?p=5390"},"modified":"2021-09-13T13:06:24","modified_gmt":"2021-09-13T11:06:24","slug":"eugenio-ampudia-concert-pel-bioce-nova-exposicio-a-lespai-isern-dalmau-de-barcelona","status":"publish","type":"post","link":"http:\/\/fundaciolluiscoromina.org\/index.php\/2021\/09\/13\/eugenio-ampudia-concert-pel-bioce-nova-exposicio-a-lespai-isern-dalmau-de-barcelona\/","title":{"rendered":"\u2018Eugenio Ampudia. Concert pel Bioc\u00e8\u2019, a l\u2019Espai Isern Dalmau de Barcelona"},"content":{"rendered":"<p>La Fundaci\u00f3 Llu\u00eds Coromina presenta l\u2019exposici\u00f3 de fotografia <em>Eugenio Ampudia. Concert pel Bioc\u00e8<\/em>, un recull d\u2019imatges de l\u2019acci\u00f3 <em>Concert pel Bioc\u00e8<\/em> del reconegut artista conceptual Eugenio Ampudia que es podr\u00e0 visitar a l\u2019Espai Isern Dalmau de Barcelona fins al 10 de febrer de 2022. L\u2019exposici\u00f3 s\u2019inaugura el pr\u00f2xim divendres 17 de setembre a les 19:30, i l\u2019aforament ser\u00e0 limitat.<\/p>\n<p>L\u2019acci\u00f3\u00a0<em>Concert pel Bioc\u00e8<\/em>\u00a0d\u2019Eugenio Ampudia, que va comptar amb la participaci\u00f3 de la Fundaci\u00f3 Llu\u00eds Coromina, va tenir lloc el 22 de juny de 2020 al Gran Teatre del Liceu amb motiu de la reobertura de l\u2019emblem\u00e0tic espai cultural despr\u00e9s del confinament i l\u2019estat d\u2019alarma causat per la crisi sanit\u00e0ria del Covid-19. L\u2019artista va idear aquest \u201cconcert bot\u00e0nic\u201d com un acte simb\u00f2lic d\u2019un canvi de paradigma, i va comptar amb 2.292 plantes \u2013l\u2019aforament total del teatre\u2013 i la participaci\u00f3 del quartet de corda UceLi Quartet, que va interpretar la pe\u00e7a\u00a0<em>Crisantemi\u00a0<\/em>de Giacomo Puccini.<\/p>\n<p>El concepte <em>bioc\u00e8<\/em>, suggerit per la comissaria de l\u2019acci\u00f3 Blanca de la Torre, t\u00e9 com a finalitat substituir el terme <em>antropoc\u00e8<\/em>, que fa refer\u00e8ncia al deteriorament del planeta a causa de l\u2019impacte de l\u2019home. Per aquesta ra\u00f3, la paraula <em>bioc\u00e8<\/em> apel\u00b7la al comen\u00e7ament d\u2019una nova era en la que finalment es situ\u00ef la vida en el centre. Partint d\u2019aquesta base, l\u2019obra \u00a0d\u2019Eugenio Ampudia busca retallar les dist\u00e0ncies entre \u00e8tica i est\u00e8tica, i reivindica la import\u00e0ncia de vincular-nos de forma ecol\u00f2gica i responsable amb el nostre territori.<\/p>\n<p>Realitzada amb la col\u00b7laboraci\u00f3 de la Galeria Max Estrella, l\u2019exposici\u00f3 <em>Eugenio Ampudia. Concert pel Bioc\u00e8<\/em> inclou diverses imatges de la citada obra, aix\u00ed com un v\u00eddeo art\u00edstic del projecte. Amb aquesta mostra, la Fundaci\u00f3 Llu\u00eds Coromina vol reivindicar un dels seus principals lemes, <em>Som natura<\/em>, i plasmar una vegada m\u00e9s el seu desig de donar suport a iniciatives disruptives que posin en valor la import\u00e0ncia de preservar els ecosistemes naturals.<\/p>\n<p>La mostra, que s\u2019inaugura aquest divendres 17 de setembre a l\u2019Espai Isern Dalmau i tindr\u00e0 un aforament limitat, es podr\u00e0 de dimarts a divendres de 17 h a 20 h i els dissabtes de 10 a 13 h, fins al 10 de febrer de 2022.<\/p>\n<p><a href=\"http:\/\/www.fundaciolluiscoromina.org\/wp-content\/uploads\/2021\/09\/image001.jpg\"><img loading=\"lazy\" decoding=\"async\" class=\"alignnone size-medium wp-image-5391\" src=\"http:\/\/www.fundaciolluiscoromina.org\/wp-content\/uploads\/2021\/09\/image001-182x300.jpg\" alt=\"\" width=\"182\" height=\"300\" \/><\/a><\/p>\n<p><strong>M\u00e9s informaci\u00f3 de l\u2019artista<\/strong><\/p>\n<p>Eugenio Ampudia \u00e9s un artista conceptual que viu i treballa a Madrid. Cal destacar les seves exposicions al Jordan National Gallery of Fine Arts (Amm\u00e1n, Jord\u00e0nia); Museu Carrillo Gil (M\u00e8xic); Boston Center for the Arts (Boston, Estats Units); Ayala Museum (Manila, Filipines) o \u00a0La Casa Encendida (Madrid), entre moltes altres. Tamb\u00e9 forma part de col\u00b7leccions \u00a0com les de MNCARS, MUSAC, ARTIUM, IVAM, Fundaci\u00f3 La Caixa, Fundaci\u00f3 Pilar i Joan Mir\u00f3, DKV, Olor Visual, Fundaci\u00f3 Llu\u00eds Coromina i Cuatrecasas, entre d\u2019altres.<\/p>\n<p>&nbsp;<\/p>\n<p><em>Dates exposici\u00f3:\u00a0Del 17 de setembre de 2021 al 29 de gener de 2022<\/em><\/p>\n<p><em>Localitzaci\u00f3:\u00a0Espai Isern Dalmau | Carrer Mallorca, 305 \u2013 Local 2, 08037, Barcelona<\/em><\/p>\n<p><em>Horaris:\u00a0De dimarts a divendres de 17 h a 20 h | Dissabtes de 10 h a 13 h<\/em><\/p>\n<p><em>*Els dies 24, 25 i 31 de desembre, i l&#8217;1 i el 6 de gener, l&#8217;espai estar\u00e0 tancat al p\u00fablic.<\/em><\/p>\n","protected":false},"excerpt":{"rendered":"<p>La Fundaci\u00f3 Llu\u00eds Coromina presenta l\u2019exposici\u00f3 de fotografia Eugenio Ampudia. Concert pel Bioc\u00e8, un recull d\u2019imatges de l\u2019acci\u00f3 Concert pel &#8230;<\/p>\n","protected":false},"author":2,"featured_media":5392,"comment_status":"open","ping_status":"open","sticky":false,"template":"","format":"standard","meta":{"footnotes":""},"categories":[10],"tags":[],"class_list":["post-5390","post","type-post","status-publish","format-standard","has-post-thumbnail","hentry","category-activitats"],"_links":{"self":[{"href":"http:\/\/fundaciolluiscoromina.org\/index.php\/wp-json\/wp\/v2\/posts\/5390","targetHints":{"allow":["GET"]}}],"collection":[{"href":"http:\/\/fundaciolluiscoromina.org\/index.php\/wp-json\/wp\/v2\/posts"}],"about":[{"href":"http:\/\/fundaciolluiscoromina.org\/index.php\/wp-json\/wp\/v2\/types\/post"}],"author":[{"embeddable":true,"href":"http:\/\/fundaciolluiscoromina.org\/index.php\/wp-json\/wp\/v2\/users\/2"}],"replies":[{"embeddable":true,"href":"http:\/\/fundaciolluiscoromina.org\/index.php\/wp-json\/wp\/v2\/comments?post=5390"}],"version-history":[{"count":0,"href":"http:\/\/fundaciolluiscoromina.org\/index.php\/wp-json\/wp\/v2\/posts\/5390\/revisions"}],"wp:attachment":[{"href":"http:\/\/fundaciolluiscoromina.org\/index.php\/wp-json\/wp\/v2\/media?parent=5390"}],"wp:term":[{"taxonomy":"category","embeddable":true,"href":"http:\/\/fundaciolluiscoromina.org\/index.php\/wp-json\/wp\/v2\/categories?post=5390"},{"taxonomy":"post_tag","embeddable":true,"href":"http:\/\/fundaciolluiscoromina.org\/index.php\/wp-json\/wp\/v2\/tags?post=5390"}],"curies":[{"name":"wp","href":"https:\/\/api.w.org\/{rel}","templated":true}]}}