{"id":5404,"date":"2021-09-15T14:47:10","date_gmt":"2021-09-15T12:47:10","guid":{"rendered":"http:\/\/www.fundaciolluiscoromina.org\/?p=5404"},"modified":"2021-09-15T14:47:10","modified_gmt":"2021-09-15T12:47:10","slug":"taller-i-exposicio-del-fotograf-tino-soriano-a-vic-dins-el-festival-revelat","status":"publish","type":"post","link":"http:\/\/fundaciolluiscoromina.org\/index.php\/2021\/09\/15\/taller-i-exposicio-del-fotograf-tino-soriano-a-vic-dins-el-festival-revelat\/","title":{"rendered":"Taller i exposici\u00f3 del fot\u00f2graf Tino Soriano a Vic, dins el Festival Revela\u2019t"},"content":{"rendered":"<p>El fot\u00f2graf\u00a0Tino Soriano\u00a0presenta l\u2019exposici\u00f3 <em>CurArte<\/em> a la 9a edici\u00f3 del <a href=\"https:\/\/revela-t.cat\/2021\/\" target=\"_blank\" rel=\"noopener\">Festival Revela\u2019t, el Festival Internacional de Fotografia Anal\u00f2gica Contempor\u00e0nia<\/a> que tindr\u00e0 lloc en diverses localitats catalanes com Vilassar de Dalt, Barcelona o Vic, entre d\u2019altres. Cedida per la Fundaci\u00f3 Llu\u00eds Coromina, la mostra d\u2019imatges estar\u00e0 exposada del dissabte 18 de setembre al dimarts 12 d\u2019octubre a la Sala d\u2019Exposici\u00f3ns del Col\u00b7legi d\u2019Arquitectes de Catalunya (COAC) de Vic. Aix\u00ed mateix, el dissabte 9 d\u2019octubre, el fot\u00f2graf impartir\u00e0 el taller de fotografia <em>Anatom\u00eda de una foto<\/em> a la Farinera de Vic, activitat inclosa tamb\u00e9 dins la programaci\u00f3 del festival.<\/p>\n<p>&nbsp;<\/p>\n<p><strong>Exposici\u00f3 <em>CurArte<\/em><\/strong><\/p>\n<p><em>CurArte<\/em> de Tino Soriano \u00e9s un reportatge fotogr\u00e0fic realitzat durant les \u00faltimes quatre d\u00e8cades que posa en relleu l\u2019art de curar, i dona visibilitat a l\u2019esfor\u00e7 i la const\u00e0ncia dels professionals del m\u00f3n sanitari. L\u2019exposici\u00f3, que es va poder veure el mes de mar\u00e7 a la sala d&#8217;exposicions de DKV a Saragossa, \u00e9s un recull de fotografies realitzades a l\u2019Institut Mental de Barcelona i altres institucions sanit\u00e0ries, aix\u00ed com d\u2019imatges de moments i viv\u00e8ncies succe\u00efdes durant la pand\u00e8mia de la Covid-19 i d\u2019altres facetes del m\u00f3n sanitari que tot sovint queden invisibilitzades. Les fotografies d\u2019aquest reportatge estan recollides en un fotollibre del mateix autor titulat <em>CurArte, 40 a\u00f1os fotografiando la sanidad espa\u00f1ola<\/em>.<\/p>\n<p>Cedida per la Fundaci\u00f3 Lluis Coromina, l\u2019exposici\u00f3 <em>CurArte<\/em> es podr\u00e0 visitar a la Sala d\u2019Exposicions del COAC-Vic del dissabte 18 de setembre al dimarts 12 d\u2019octubre, dins la programaci\u00f3 de la 9a edici\u00f3 del Festival Revela\u2019t. L\u2019horari de visites \u00e9s de 10 h a 14 h i de 16 a 20 h els dies laborables, i de 10 h a 21 h els caps de setmana. Es pot trobar m\u00e9s informaci\u00f3 <a href=\"https:\/\/www.arquitectes.cat\/ca\/cultura\/exposicio\/revelat\" target=\"_blank\" rel=\"noopener\">en aquest enlla\u00e7<\/a>.<\/p>\n<p><a href=\"http:\/\/www.fundaciolluiscoromina.org\/wp-content\/uploads\/2021\/09\/6-3.jpg\"><img loading=\"lazy\" decoding=\"async\" class=\"alignnone size-medium wp-image-5405\" src=\"http:\/\/www.fundaciolluiscoromina.org\/wp-content\/uploads\/2021\/09\/6-3-300x240.jpg\" alt=\"\" width=\"300\" height=\"240\" \/><\/a><\/p>\n<p>&nbsp;<\/p>\n<p><strong>Taller <em>Anatom\u00eda de una foto<\/em><\/strong><\/p>\n<p>Dins la programaci\u00f3 del mateix festival, Tino Soriano impartir\u00e0 el taller <em>Anatom\u00eda de una foto<\/em>, on proposar\u00e0 una revisi\u00f3 dels temes que m\u00e9s preocupen als aficionats quan practiquen fotografia: l\u2019aproximaci\u00f3 a les persones per aconseguir retrats amb empatia, l\u2019espontane\u00eftat de les fotografies de carrer, les composicions efectives amb enquadraments ins\u00f2lits o el control de les emocions i del color sense el recurs de programes inform\u00e0tics, entre d\u2019altres.<\/p>\n<p>L\u2019activitat, destinada a fot\u00f2grafs que vulguin millorar la seva efic\u00e0cia al captar imatges, tindr\u00e0 lloc el dissabte 9 d\u2019octubre durant tot el dia a la Farinera de Vic. Es pot trobar m\u00e9s informaci\u00f3 del taller <a href=\"https:\/\/revela-t.cat\/2021\/taller-tino-soriano-es\/\" target=\"_blank\" rel=\"noopener\">en aquest enlla\u00e7<\/a>.<\/p>\n<p><a href=\"http:\/\/www.fundaciolluiscoromina.org\/wp-content\/uploads\/2021\/09\/Fotos-Tino-Soriano-5.jpg\"><img loading=\"lazy\" decoding=\"async\" class=\"alignnone size-medium wp-image-5406\" src=\"http:\/\/www.fundaciolluiscoromina.org\/wp-content\/uploads\/2021\/09\/Fotos-Tino-Soriano-5-300x225.jpg\" alt=\"\" width=\"300\" height=\"225\" \/><\/a><\/p>\n<p>&nbsp;<\/p>\n<p><strong>Tino Soriano<\/strong><\/p>\n<p>Fot\u00f2graf vinculat a la Fundaci\u00f3 Llu\u00eds Coromina que ha estat premiat per l\u2019Organitzaci\u00f3 Mundial de la Salut i per l\u2019Acad\u00e8mia de Ci\u00e8ncies M\u00e8diques de Catalunya i Balears, gr\u00e0cies als seus reportatges fotogr\u00e0fics i la seva tasca divulgativa en el m\u00f3n de la sanitat. Ha treballat como a fot\u00f2graf en dotzenes d\u2019hospitals de tot el m\u00f3n i ha col\u00b7laborat amb diverses entitats m\u00e8diques, amb l\u2019objectiu de documentar amb espontane\u00eftat uns espais que s\u00f3n de dif\u00edcil acc\u00e9s per a les c\u00e0meres fotogr\u00e0fiques. A dia d\u2019avui, Tino Soriano treballa en un projecte sobre medicina tradicional a diversos pa\u00efsos amb National Geographic, on hi col\u00b7labora des de fa m\u00e9s de vint anys.<\/p>\n<p>Tino Soriano ha obtingut tamb\u00e9 la Lente de Plata Mexicana i ha estat guardonat amb diversos premis Fotopress, el Premi al Fot\u00f2graf Espanyol de l\u2019Any de Fujifilm, el Premi Piedad Isla o el Premi Nacional de Comunicaci\u00f3 de la Generalitat de Catalunya, entre d\u2019altres.<\/p>\n<p>&nbsp;<\/p>\n","protected":false},"excerpt":{"rendered":"<p>El fot\u00f2graf\u00a0Tino Soriano\u00a0presenta l\u2019exposici\u00f3 CurArte a la 9a edici\u00f3 del Festival Revela\u2019t, el Festival Internacional de Fotografia Anal\u00f2gica Contempor\u00e0nia que &#8230;<\/p>\n","protected":false},"author":2,"featured_media":5407,"comment_status":"open","ping_status":"open","sticky":false,"template":"","format":"standard","meta":{"footnotes":""},"categories":[10],"tags":[],"class_list":["post-5404","post","type-post","status-publish","format-standard","has-post-thumbnail","hentry","category-activitats"],"_links":{"self":[{"href":"http:\/\/fundaciolluiscoromina.org\/index.php\/wp-json\/wp\/v2\/posts\/5404","targetHints":{"allow":["GET"]}}],"collection":[{"href":"http:\/\/fundaciolluiscoromina.org\/index.php\/wp-json\/wp\/v2\/posts"}],"about":[{"href":"http:\/\/fundaciolluiscoromina.org\/index.php\/wp-json\/wp\/v2\/types\/post"}],"author":[{"embeddable":true,"href":"http:\/\/fundaciolluiscoromina.org\/index.php\/wp-json\/wp\/v2\/users\/2"}],"replies":[{"embeddable":true,"href":"http:\/\/fundaciolluiscoromina.org\/index.php\/wp-json\/wp\/v2\/comments?post=5404"}],"version-history":[{"count":0,"href":"http:\/\/fundaciolluiscoromina.org\/index.php\/wp-json\/wp\/v2\/posts\/5404\/revisions"}],"wp:attachment":[{"href":"http:\/\/fundaciolluiscoromina.org\/index.php\/wp-json\/wp\/v2\/media?parent=5404"}],"wp:term":[{"taxonomy":"category","embeddable":true,"href":"http:\/\/fundaciolluiscoromina.org\/index.php\/wp-json\/wp\/v2\/categories?post=5404"},{"taxonomy":"post_tag","embeddable":true,"href":"http:\/\/fundaciolluiscoromina.org\/index.php\/wp-json\/wp\/v2\/tags?post=5404"}],"curies":[{"name":"wp","href":"https:\/\/api.w.org\/{rel}","templated":true}]}}