{"id":5409,"date":"2021-09-17T11:12:45","date_gmt":"2021-09-17T09:12:45","guid":{"rendered":"http:\/\/www.fundaciolluiscoromina.org\/?p=5409"},"modified":"2021-09-17T11:12:45","modified_gmt":"2021-09-17T09:12:45","slug":"presentacio-de-laigua-que-vols-premi-sant-jordi-a-lespai-eat-art","status":"publish","type":"post","link":"http:\/\/fundaciolluiscoromina.org\/index.php\/2021\/09\/17\/presentacio-de-laigua-que-vols-premi-sant-jordi-a-lespai-eat-art\/","title":{"rendered":"El llibre guanyador del Premi Sant Jordi 2020, presentat a l&#8217;Espai Eat Art"},"content":{"rendered":"<p>\u00d2mnium Pla de l&#8217;Estany ha presentat el llibre\u00a0<em>L\u2019aigua que vols<\/em> de V\u00edctor Garc\u00eda Tur, premi Sant Jordi 2020, a l&#8217;Espai Eat Art de la Fundaci\u00f3 Llu\u00eds Coromina. L&#8217;acte, que ha tingut lloc el dijous 16 de setembre al vespre, ha comptat amb la participaci\u00f3 del seu autor i de Pilar Maurell, editora de la publicaci\u00f3.<\/p>\n<p><a href=\"http:\/\/www.fundaciolluiscoromina.org\/wp-content\/uploads\/2021\/09\/IMG-20210916-WA0035.jpg\"><img loading=\"lazy\" decoding=\"async\" class=\"alignnone size-medium wp-image-5412\" src=\"http:\/\/www.fundaciolluiscoromina.org\/wp-content\/uploads\/2021\/09\/IMG-20210916-WA0035-300x225.jpg\" alt=\"\" width=\"300\" height=\"225\" \/><\/a> <a href=\"http:\/\/www.fundaciolluiscoromina.org\/wp-content\/uploads\/2021\/09\/IMG-20210916-WA0033.jpg\"><img loading=\"lazy\" decoding=\"async\" class=\"alignnone size-medium wp-image-5411\" src=\"http:\/\/www.fundaciolluiscoromina.org\/wp-content\/uploads\/2021\/09\/IMG-20210916-WA0033-300x225.jpg\" alt=\"\" width=\"300\" height=\"225\" \/><\/a><\/p>\n<p><strong><em>L&#8217;aigua que vols<\/em>, de V\u00edctor Garc\u00edaa Tur<\/strong><\/p>\n<p>El llibre <em>L&#8217;aigua que vols<\/em> explica la hist\u00f2ria de Marie Tremblaypierre, una dona que aprofita la bonan\u00e7a de l\u2019estiu quebequ\u00e8s per organitzar una trobada familiar a l\u2019antic xalet de vacances. L\u2019excusa de celebrar el setanta-sis\u00e8 aniversari es for\u00e7ada, per\u00f2 les filles i el fill no s\u2019hi capfiquen. Rememorar els banys al llac i reviure la infantesa els sembla una bona idea per retrobar-se al cap de tant de temps. Hi duen les fam\u00edlies respectives, o el que en queda, per\u00f2 tamb\u00e9 els seus secrets, les seves viv\u00e8ncies i, sobretot, els silencis de les coses que no es van dir quan tocava.<\/p>\n<p>Victor Garcia Tur (Barcelona, 1981) \u00e9s oftalm\u00f2leg. Va guanyar el premi Documenta amb un recull de contes,\u00a0<em>Twistanschauung<\/em>\u00a0(2009), i amb les novel\u00b7les\u00a0<em>Els ocells<\/em>\u00a0(2016) i\u00a0<em>Els romanents<\/em>\u00a0(2018) va obtenir els premis Marian Vayreda i Just M. Casero, respectivament, mentre que els relats d\u2019<em>El pa\u00eds dels cecs<\/em>\u00a0li han valgut el premi Merc\u00e8 Rodoreda. Altres relats seus han estat inclosos en diverses antologies. En col\u00b7laboraci\u00f3 amb Emily McBride, ha publicat\u00a0<em>Misanderstunding<\/em>\u00a0(New Niu Press, 2014) i\u00a0<em>Afterword<\/em>\u00a0(2015).<\/p>\n","protected":false},"excerpt":{"rendered":"<p>\u00d2mnium Pla de l&#8217;Estany ha presentat el llibre\u00a0L\u2019aigua que vols de V\u00edctor Garc\u00eda Tur, premi Sant Jordi 2020, a l&#8217;Espai &#8230;<\/p>\n","protected":false},"author":2,"featured_media":5410,"comment_status":"open","ping_status":"open","sticky":false,"template":"","format":"standard","meta":{"footnotes":""},"categories":[10],"tags":[],"class_list":["post-5409","post","type-post","status-publish","format-standard","has-post-thumbnail","hentry","category-activitats"],"_links":{"self":[{"href":"http:\/\/fundaciolluiscoromina.org\/index.php\/wp-json\/wp\/v2\/posts\/5409","targetHints":{"allow":["GET"]}}],"collection":[{"href":"http:\/\/fundaciolluiscoromina.org\/index.php\/wp-json\/wp\/v2\/posts"}],"about":[{"href":"http:\/\/fundaciolluiscoromina.org\/index.php\/wp-json\/wp\/v2\/types\/post"}],"author":[{"embeddable":true,"href":"http:\/\/fundaciolluiscoromina.org\/index.php\/wp-json\/wp\/v2\/users\/2"}],"replies":[{"embeddable":true,"href":"http:\/\/fundaciolluiscoromina.org\/index.php\/wp-json\/wp\/v2\/comments?post=5409"}],"version-history":[{"count":0,"href":"http:\/\/fundaciolluiscoromina.org\/index.php\/wp-json\/wp\/v2\/posts\/5409\/revisions"}],"wp:attachment":[{"href":"http:\/\/fundaciolluiscoromina.org\/index.php\/wp-json\/wp\/v2\/media?parent=5409"}],"wp:term":[{"taxonomy":"category","embeddable":true,"href":"http:\/\/fundaciolluiscoromina.org\/index.php\/wp-json\/wp\/v2\/categories?post=5409"},{"taxonomy":"post_tag","embeddable":true,"href":"http:\/\/fundaciolluiscoromina.org\/index.php\/wp-json\/wp\/v2\/tags?post=5409"}],"curies":[{"name":"wp","href":"https:\/\/api.w.org\/{rel}","templated":true}]}}