{"id":5420,"date":"2021-09-21T11:34:01","date_gmt":"2021-09-21T09:34:01","guid":{"rendered":"http:\/\/www.fundaciolluiscoromina.org\/?p=5420"},"modified":"2021-09-21T11:34:01","modified_gmt":"2021-09-21T09:34:01","slug":"portbou-celebra-la-sisena-edicio-de-lescola-destiu-walter-benjamin-del-24-al-26-de-setembre","status":"publish","type":"post","link":"http:\/\/fundaciolluiscoromina.org\/index.php\/2021\/09\/21\/portbou-celebra-la-sisena-edicio-de-lescola-destiu-walter-benjamin-del-24-al-26-de-setembre\/","title":{"rendered":"Portbou celebra la sisena edici\u00f3 de l\u2019Escola d\u2019estiu Walter Benjamin del 24 al 26 de setembre"},"content":{"rendered":"<p>La Fundaci\u00f3 Llu\u00eds Coromina d\u00f3na suport a la nova edici\u00f3 de l\u2019Escola d\u2019estiu Walter Benjamin, organitzada per la Fundaci\u00f3 Angelus Novus i l&#8217;associaci\u00f3 Passatges Cultura Contempor\u00e0nia. Sota el t\u00edtol <em>Europeisme i fronteres<\/em>, l\u2019edici\u00f3 d\u2019enguany comptar\u00e0 amb un seguit de confer\u00e8ncies i activitats commemoratives del 81\u00e8 aniversari de la mort del fil\u00f2sof alemany, les quals tindran lloc entre el 24 i el 26 de setembre a Portbou. L\u2019Escola d\u2019estiu culminar\u00e0 el diumenge 26 amb una jornada de cloenda i la inauguraci\u00f3\u00a0de l\u2019exposici\u00f3 <em>Una casa per a Walter Benjamin<\/em>, que es podr\u00e0 visitar fins al 12 d&#8217;octubre a la Sala de Duanes de l&#8217;Estaci\u00f3 Internacional de Portbou. El programa amb totes les activitats es pot consultar <a href=\"https:\/\/walterbenjaminportbou.org\/wp-content\/uploads\/2021\/08\/Escola-dEstiu-Walter-Benjamin-Portbou_2021.pdf\" target=\"_blank\" rel=\"noopener\">en aquest enlla\u00e7.<\/a><\/p>\n<p><em>Europeisme i fronteres<\/em> \u00e9s el t\u00edtol que d\u00f3na nom a la 6a edici\u00f3 de l\u2019Escola d\u2019estiu Walter Benjamin, que enguany vol treballar la idea de la tensi\u00f3 entre ecologia i progr\u00e9s des d\u2019un comprom\u00eds europeista, en el marc d\u2019unes fronteres que la hist\u00f2ria obre, tanca i reobre per circumst\u00e0ncies hist\u00f2riques, un fet que tingu\u00e9 capital import\u00e0ncia en el per\u00edode d\u2019entreguerres i en la vida i traject\u00f2ria de l\u2019assagista i fil\u00f2sof alemany Walter Benjamin. Com en altres edicions, \u00a0les jornades seran interdisciplinars, abastant la\u00a0literatura, la hist\u00f2ria, la fotografia contempor\u00e0nia, l\u2019arquitectura, la m\u00fasica i la <em>performance<\/em>, i hi participaran diversos ponents i artistes com Cari Oriol, Frederic Corderas, Anna Dot, Claudia K\u00e1lasz o Josep Tubau, entre d\u2019altres.<\/p>\n<p>El diumenge 26 de setembre, que tindr\u00e0 lloc la jornada de cloenda de la sisena edici\u00f3 de l\u2019Escola d\u2019Estiu, els arquitectes Jordi Pigem i Joan Falgueras presentaran l\u2019exposici\u00f3 anual <em>Una casa per a Walter Benjamin<\/em>, que s\u2019inaugurar\u00e0 a les 10:30 h a la Sala de Duanes\u00a0de l\u2019estaci\u00f3 de Portbou i enguany comptar\u00e0 amb la participaci\u00f3 d\u2019Andr\u00e9 Rouill\u00e9, un dels te\u00f2rics m\u00e9s brillants de la fotografia a Fran\u00e7a.<\/p>\n<p><a href=\"http:\/\/www.fundaciolluiscoromina.org\/wp-content\/uploads\/2021\/09\/Targeto\u0301-A.jpg\"><img loading=\"lazy\" decoding=\"async\" class=\"alignnone wp-image-5422\" src=\"http:\/\/www.fundaciolluiscoromina.org\/wp-content\/uploads\/2021\/09\/Targeto\u0301-A-1024x488.jpg\" alt=\"\" width=\"600\" height=\"286\" \/><\/a><\/p>\n<p>M\u00e9s informaci\u00f3 de les jornades\u00a0<a href=\"https:\/\/walterbenjaminportbou.org\/vi-escola-destiu-walter-benjamin-portbou-2021\/\" target=\"_blank\" rel=\"noopener\">en aquest enlla\u00e7<\/a>.<\/p>\n","protected":false},"excerpt":{"rendered":"<p>La Fundaci\u00f3 Llu\u00eds Coromina d\u00f3na suport a la nova edici\u00f3 de l\u2019Escola d\u2019estiu Walter Benjamin, organitzada per la Fundaci\u00f3 Angelus &#8230;<\/p>\n","protected":false},"author":2,"featured_media":5421,"comment_status":"open","ping_status":"open","sticky":false,"template":"","format":"standard","meta":{"footnotes":""},"categories":[10],"tags":[],"class_list":["post-5420","post","type-post","status-publish","format-standard","has-post-thumbnail","hentry","category-activitats"],"_links":{"self":[{"href":"http:\/\/fundaciolluiscoromina.org\/index.php\/wp-json\/wp\/v2\/posts\/5420","targetHints":{"allow":["GET"]}}],"collection":[{"href":"http:\/\/fundaciolluiscoromina.org\/index.php\/wp-json\/wp\/v2\/posts"}],"about":[{"href":"http:\/\/fundaciolluiscoromina.org\/index.php\/wp-json\/wp\/v2\/types\/post"}],"author":[{"embeddable":true,"href":"http:\/\/fundaciolluiscoromina.org\/index.php\/wp-json\/wp\/v2\/users\/2"}],"replies":[{"embeddable":true,"href":"http:\/\/fundaciolluiscoromina.org\/index.php\/wp-json\/wp\/v2\/comments?post=5420"}],"version-history":[{"count":0,"href":"http:\/\/fundaciolluiscoromina.org\/index.php\/wp-json\/wp\/v2\/posts\/5420\/revisions"}],"wp:attachment":[{"href":"http:\/\/fundaciolluiscoromina.org\/index.php\/wp-json\/wp\/v2\/media?parent=5420"}],"wp:term":[{"taxonomy":"category","embeddable":true,"href":"http:\/\/fundaciolluiscoromina.org\/index.php\/wp-json\/wp\/v2\/categories?post=5420"},{"taxonomy":"post_tag","embeddable":true,"href":"http:\/\/fundaciolluiscoromina.org\/index.php\/wp-json\/wp\/v2\/tags?post=5420"}],"curies":[{"name":"wp","href":"https:\/\/api.w.org\/{rel}","templated":true}]}}