{"id":5426,"date":"2021-10-01T09:19:44","date_gmt":"2021-10-01T07:19:44","guid":{"rendered":"http:\/\/www.fundaciolluiscoromina.org\/?p=5426"},"modified":"2021-10-01T09:19:44","modified_gmt":"2021-10-01T07:19:44","slug":"octubre-activitats-de-la-llibreria-laltell-a-lespai-eat-art-de-banyoles","status":"publish","type":"post","link":"http:\/\/fundaciolluiscoromina.org\/index.php\/2021\/10\/01\/octubre-activitats-de-la-llibreria-laltell-a-lespai-eat-art-de-banyoles\/","title":{"rendered":"Octubre: activitats de la llibreria L&#8217;Altell a l&#8217;Espai Eat Art de Banyoles"},"content":{"rendered":"<p>L\u2019Espai Eat Art de la Fundaci\u00f3 Llu\u00eds Coromina acull noves presentacions i activitats organitzades per la llibreia L\u2019Altell de Banyoles, com els clubs de lectura infantils i per a adults, o la sessi\u00f3\u00a0<em>En viu i en directe<\/em>\u00a0amb l&#8217;escriptor Jair Dom\u00ednguez.<\/p>\n<p>Dissabte 2 d&#8217;octubre (12 h)<\/p>\n<p><b><em>Explica&#8217;m un conte<\/em> amb Roc\u00edo Bonilla (+ 4 anys)<\/b><\/p>\n<p><em>Aforament limitat; cal inscripci\u00f3 pr\u00e8via al tel\u00e8fon 972 580 270 o <a href=\"https:\/\/www.laltell.cat\/producto\/fichaevento?identificador=260952\" target=\"_blank\" rel=\"noopener\">en aquest enlla\u00e7<\/a><\/em><\/p>\n<div class=\"introduccion\">\n<div>\n<p>Roc\u00edo Bonilla torna a Banyoles per presentar el seu darrer llibre <em>Gr\u00e0cies. Hist\u00f2ria d&#8217;un ve\u00efnat<\/em>, que parla d&#8217;una hist\u00f2ria sobre l&#8217;empatia i les emocions que reivindica la vida en com\u00fa i la solidaritat ve\u00efnal. A difer\u00e8ncia d&#8217;altres vegades,\u00a0<em>Gr\u00e0cies\u00a0<\/em>no \u00e9s una hist\u00f2ria protagonitzada per criatures, sin\u00f3 que, en aquesta ocasi\u00f3, l\u2019autora opta perqu\u00e8 els protagonistes de l\u2019\u00e0lbum siguin animals personificats. D&#8217;aquesta forma aconsegueix conduir als lectors per una hist\u00f2ria plena d&#8217;humanitat i valors. M\u00e9s informaci\u00f3<a href=\"https:\/\/www.laltell.cat\/event\/495\/explicam-un-conte-4-amb-rocio-bonilla\" target=\"_blank\" rel=\"noopener\"> aqu\u00ed<\/a>.<\/p>\n<p><a href=\"http:\/\/www.fundaciolluiscoromina.org\/wp-content\/uploads\/2021\/09\/gracies-historia-d-un-veinat.jpg\"><img loading=\"lazy\" decoding=\"async\" class=\"alignnone size-medium wp-image-5427\" src=\"http:\/\/www.fundaciolluiscoromina.org\/wp-content\/uploads\/2021\/09\/gracies-historia-d-un-veinat-236x300.jpg\" alt=\"\" width=\"236\" height=\"300\" \/><\/a><\/p>\n<\/div>\n<p>&nbsp;<\/p>\n<p>Dimecres 6 d&#8217;octubre (20 h)<\/p>\n<p><strong>Club de lectura adult amb<\/strong><b> <i>El olvido que seremos<\/i><\/b><strong> d&#8217;H\u00e9ctor Abad Faciolince<\/strong><\/p>\n<p><em>Aforament limitat; cal inscripci\u00f3 pr\u00e8via al tel\u00e8fon 972 580 270<\/em><\/p>\n<div class=\"introduccion\">\n<div class=\"introduccion\">\n<div>El mes d&#8217;octubre el club de lectura adult es centrar\u00e0 en el llibre <em>El olvido que seremos<\/em> d&#8217;H\u00e9ctor Abad Faciolince, un dels llibres fonamentals de la literatura contempor\u00e0nia espanyola. El llibre \u00e9s una biografia novel\u00b7lada, escrita pel fill de l&#8217;autor. Un relat reflexiu, emotiu i ple d&#8217;amor que parla sobre la fam\u00edlia i reflexa el temps i l&#8217;infern de la viol\u00e8ncia que ha fuetejat Colombia en els darrers cinquanta anys. M\u00e9s informaci\u00f3<a href=\"https:\/\/www.laltell.cat\/event\/499\/club-de-lectura-adult-inscripcions-a-laltell\" target=\"_blank\" rel=\"noopener\"> aqu\u00ed<\/a>.<\/div>\n<\/div>\n<\/div>\n<\/div>\n<div><\/div>\n<div><\/div>\n<div>\n<p>Dissabte 9 d&#8217;octubre (10:30 h)<\/p>\n<p><strong>Club de lectura Janosch (6-8 anys)<\/strong><\/p>\n<p><span style=\"color: #ff0000;\"><em>Aforament complet<\/em><\/span><\/p>\n<div class=\"introduccion\">\n<div class=\"introduccion\">Aquest mes d&#8217;octubre, els membres del Club de lectura Janosch\u00a0llegiran el llibre <em>Aquesta \u00e9s l&#8217;Anita<\/em>, de Julie Morstad i Sara O&#8217;Leary, una conte de fades ple de m\u00e0gia. Aquest club de lectura tindr\u00e0 una durada de 9 mesos i va adre\u00e7at a nens i nens de 6 a 8 anys, que es troben un cop al mes durant una hora per a comentar el llibre que s&#8217;ha proposat.\u00a0M\u00e9s informaci\u00f3 <a href=\"https:\/\/www.laltell.cat\/event\/501\/clu\" target=\"_blank\" rel=\"noopener\">aqu\u00ed<\/a>.<\/div>\n<\/div>\n<\/div>\n<div><\/div>\n<div><\/div>\n<div>\n<p>Dimecres 13 d&#8217;octubre (19:30 h)<\/p>\n<p><strong><em>En viu i en directe<\/em> amb Jair Dom\u00ednguez\u00a0<\/strong><\/p>\n<p><em>Aforament limitat; cal inscripci\u00f3 pr\u00e8via al tel\u00e8fon 972 580 270 o <a href=\"https:\/\/www.laltell.cat\/reserva\/evento?identificadorFechaEvento=10007\" target=\"_blank\" rel=\"noopener\">en aquest enlla\u00e7<\/a><\/em><\/p>\n<div class=\"introduccion\">\n<div class=\"introduccion\">\n<div>El nou llibre de Jair Dom\u00ednguez, titulat <em>Estructures profundes<\/em>, parla\u00a0d&#8217;una societat dist\u00f2pica, absolutament podrida i acabada. Amb una cr\u00edtica social profunda que no deixa indiferent a ning\u00fa, l&#8217;autor\u00a0crea una novel\u00b7la \u00fanica que submergeix el lector en un univers apocal\u00edptic, on tot \u00e9s diferent i la sensaci\u00f3 de reconeixement es barreja amb la de p\u00e0nic. M\u00e9s informaci\u00f3 <a href=\"https:\/\/www.laltell.cat\/event\/502\/en-viu-i-en-directe-amb-jair-dominguez\">aqu\u00ed<\/a>.<\/div>\n<\/div>\n<\/div>\n<\/div>\n<div>\n<div class=\"introduccion\">\n<div>\n<div>\n<div class=\"introduccion\">\n<p><a href=\"http:\/\/www.fundaciolluiscoromina.org\/wp-content\/uploads\/2021\/09\/91Dyfd8gsCS.jpg\"><img loading=\"lazy\" decoding=\"async\" class=\"alignnone size-medium wp-image-5428\" src=\"http:\/\/www.fundaciolluiscoromina.org\/wp-content\/uploads\/2021\/09\/91Dyfd8gsCS-208x300.jpg\" alt=\"\" width=\"208\" height=\"300\" \/><\/a><\/p>\n<\/div>\n<\/div>\n<\/div>\n<\/div>\n<\/div>\n<div><\/div>\n<div>Trobareu tota la informaci\u00f3 d&#8217;aquestes i moltes altres activitats a www.laltell.cat.<\/div>\n<div><\/div>\n","protected":false},"excerpt":{"rendered":"<p>L\u2019Espai Eat Art de la Fundaci\u00f3 Llu\u00eds Coromina acull noves presentacions i activitats organitzades per la llibreia L\u2019Altell de Banyoles, &#8230;<\/p>\n","protected":false},"author":2,"featured_media":5430,"comment_status":"open","ping_status":"open","sticky":false,"template":"","format":"standard","meta":{"footnotes":""},"categories":[10],"tags":[],"class_list":["post-5426","post","type-post","status-publish","format-standard","has-post-thumbnail","hentry","category-activitats"],"_links":{"self":[{"href":"http:\/\/fundaciolluiscoromina.org\/index.php\/wp-json\/wp\/v2\/posts\/5426","targetHints":{"allow":["GET"]}}],"collection":[{"href":"http:\/\/fundaciolluiscoromina.org\/index.php\/wp-json\/wp\/v2\/posts"}],"about":[{"href":"http:\/\/fundaciolluiscoromina.org\/index.php\/wp-json\/wp\/v2\/types\/post"}],"author":[{"embeddable":true,"href":"http:\/\/fundaciolluiscoromina.org\/index.php\/wp-json\/wp\/v2\/users\/2"}],"replies":[{"embeddable":true,"href":"http:\/\/fundaciolluiscoromina.org\/index.php\/wp-json\/wp\/v2\/comments?post=5426"}],"version-history":[{"count":0,"href":"http:\/\/fundaciolluiscoromina.org\/index.php\/wp-json\/wp\/v2\/posts\/5426\/revisions"}],"wp:attachment":[{"href":"http:\/\/fundaciolluiscoromina.org\/index.php\/wp-json\/wp\/v2\/media?parent=5426"}],"wp:term":[{"taxonomy":"category","embeddable":true,"href":"http:\/\/fundaciolluiscoromina.org\/index.php\/wp-json\/wp\/v2\/categories?post=5426"},{"taxonomy":"post_tag","embeddable":true,"href":"http:\/\/fundaciolluiscoromina.org\/index.php\/wp-json\/wp\/v2\/tags?post=5426"}],"curies":[{"name":"wp","href":"https:\/\/api.w.org\/{rel}","templated":true}]}}