{"id":5443,"date":"2021-10-01T15:17:55","date_gmt":"2021-10-01T13:17:55","guid":{"rendered":"http:\/\/www.fundaciolluiscoromina.org\/?p=5443"},"modified":"2021-10-01T15:17:55","modified_gmt":"2021-10-01T13:17:55","slug":"lobrador-de-caritas-pla-de-lestany-sincorpora-al-coworking-del-puntal-de-banyoles","status":"publish","type":"post","link":"http:\/\/fundaciolluiscoromina.org\/index.php\/2021\/10\/01\/lobrador-de-caritas-pla-de-lestany-sincorpora-al-coworking-del-puntal-de-banyoles\/","title":{"rendered":"L\u2019Obrador de C\u00e0ritas Pla de l\u2019Estany s\u2019incorpora al &#8216;coworking&#8217; del Puntal"},"content":{"rendered":"<p>La Fundaci\u00f3 Llu\u00eds Coromina ha cedit l\u2019espai Ramon Marquina, siutat a l\u2019edifici El Puntal \u2013 Laboratori de les Arts de Banyoles, al projecte creatiu i art\u00edstic de C\u00e0ritas Pla de l\u2019Estany: L&#8217;Obrador. Nascut l\u2019any 2015, es tacta d&#8217;una una iniciativa integrada principalment per joves de diferents edats i diversos instituts de la comarca, que es reuneixen setmanalment per autogestionar processos formatius entorn a l\u2019art i reflexionar sobre temes diversos com la immigraci\u00f3, la vellesa, la viol\u00e8ncia de g\u00e8nere, l\u2019\u00fas de les xarxes socials o l\u2019autoestima, entre d\u2019altres.<\/p>\n<p>La nova incorporaci\u00f3 de L\u2019Obrador de C\u00e0ritas Pla de l\u2019Estany se suma al conjunt d\u2019associacions, empreses culturals i artistes que formen part d\u2019aquest espai de la Fundaci\u00f3 Llu\u00eds Coromina, situat al carrer Girona de Banyoles. Andergraun Films, cabosanroque, Alter Sinergies, Cor de Teatre, Fundaci\u00f3 Estany o Bonart cultural, entre d\u2019altres, s\u00f3n alguns dels agents culturals que s\u2019allotgen a El Puntal \u2013Laboratori de les Arts.<\/p>\n<p>&nbsp;<\/p>\n","protected":false},"excerpt":{"rendered":"<p>La Fundaci\u00f3 Llu\u00eds Coromina ha cedit l\u2019espai Ramon Marquina, siutat a l\u2019edifici El Puntal \u2013 Laboratori de les Arts de &#8230;<\/p>\n","protected":false},"author":2,"featured_media":5444,"comment_status":"open","ping_status":"open","sticky":false,"template":"","format":"standard","meta":{"footnotes":""},"categories":[10],"tags":[],"class_list":["post-5443","post","type-post","status-publish","format-standard","has-post-thumbnail","hentry","category-activitats"],"_links":{"self":[{"href":"http:\/\/fundaciolluiscoromina.org\/index.php\/wp-json\/wp\/v2\/posts\/5443","targetHints":{"allow":["GET"]}}],"collection":[{"href":"http:\/\/fundaciolluiscoromina.org\/index.php\/wp-json\/wp\/v2\/posts"}],"about":[{"href":"http:\/\/fundaciolluiscoromina.org\/index.php\/wp-json\/wp\/v2\/types\/post"}],"author":[{"embeddable":true,"href":"http:\/\/fundaciolluiscoromina.org\/index.php\/wp-json\/wp\/v2\/users\/2"}],"replies":[{"embeddable":true,"href":"http:\/\/fundaciolluiscoromina.org\/index.php\/wp-json\/wp\/v2\/comments?post=5443"}],"version-history":[{"count":0,"href":"http:\/\/fundaciolluiscoromina.org\/index.php\/wp-json\/wp\/v2\/posts\/5443\/revisions"}],"wp:attachment":[{"href":"http:\/\/fundaciolluiscoromina.org\/index.php\/wp-json\/wp\/v2\/media?parent=5443"}],"wp:term":[{"taxonomy":"category","embeddable":true,"href":"http:\/\/fundaciolluiscoromina.org\/index.php\/wp-json\/wp\/v2\/categories?post=5443"},{"taxonomy":"post_tag","embeddable":true,"href":"http:\/\/fundaciolluiscoromina.org\/index.php\/wp-json\/wp\/v2\/tags?post=5443"}],"curies":[{"name":"wp","href":"https:\/\/api.w.org\/{rel}","templated":true}]}}