{"id":5451,"date":"2021-10-05T14:01:11","date_gmt":"2021-10-05T12:01:11","guid":{"rendered":"http:\/\/www.fundaciolluiscoromina.org\/?p=5451"},"modified":"2021-10-05T14:01:11","modified_gmt":"2021-10-05T12:01:11","slug":"la-fundacio-lluis-coromina-a-la-fira-swab-de-barcelona","status":"publish","type":"post","link":"http:\/\/fundaciolluiscoromina.org\/index.php\/2021\/10\/05\/la-fundacio-lluis-coromina-a-la-fira-swab-de-barcelona\/","title":{"rendered":"La Fundaci\u00f3 Llu\u00eds Coromina, a la Fira SWAB de Barcelona"},"content":{"rendered":"<p>La <a href=\"https:\/\/swab.es\/\" target=\"_blank\" rel=\"noopener\">fira d\u2019art contemporani SWAB<\/a> de Barcelona celebra la seva catorzena edici\u00f3 del 7 al 10 d\u2019octubre al Pavell\u00f3 Itali\u00e0 de Montju\u00efc. La Fundaci\u00f3 Llu\u00eds Coromina es vincula un any m\u00e9s amb aquest esdeveniment, i enguany comptar\u00e0 amb un estand expositiu a la fira on s\u2019hi podran veure les obres dels artistes Llu\u00eds Vil\u00e0 i Yurian Quintanas.<\/p>\n<p>Amb l\u2019objectiu de donar projecci\u00f3 als espais i disciplines que estan tra\u00e7ant el curs de l\u2019escena de l\u2019art dels pr\u00f2xims anys, aquest cap de setmana la fira Swab Barcelona\u00a0donar\u00e0 la benvinguda a\u00a080 galeries\u00a0locals i internacionals que portaran al Pavell\u00f3 Itali\u00e0 (Pla\u00e7a de Carles Bu\u00efgas, 8) les \u00faltimes tend\u00e8ncies de l\u2019art contemporani. La selecci\u00f3 de les galeries participants anir\u00e0 a c\u00e0rrec dels membres del Comit\u00e8 de Selecci\u00f3, aquest any integrat pels comissaris\u00a0Omar L\u00f3pez Chahoud, J\u00e9r\u00f4me Pantalacci i Domenico de Chirico; i pels col\u00b7leccionistes\u00a0Giuseppe Casarotto, Marie Elena Angulo i Jos\u00e9 Lu\u00eds Lorenzo.<\/p>\n<p>En aquest context, la Fundaci\u00f3 Llu\u00eds Coromina hi participar\u00e0 amb un estand art\u00edstic que comptar\u00e0 amb les obres de Llu\u00eds Vil\u00e0 i Yurian Quintanas, ambd\u00f3s artistes vinculats a la fundaci\u00f3. D\u2019aquesta forma, s\u2019hi podr\u00e0 veure una mostra de <em>Nautes i Absoluts<\/em>, una s\u00e8rie d\u2019escultures i pintures de Llu\u00eds Vil\u00e0 que exemplifiquen la potencialitat de tot element, fent refer\u00e8ncia a un concepte bic\u00e8fal: principi i fi, construcci\u00f3 i destrucci\u00f3. Aix\u00ed mateix, s\u2019aprofitar\u00e0 la pres\u00e8ncia a la fira per donar a con\u00e8ixer la recent publicaci\u00f3 sobre les darreres creacions de Vil\u00e0. Un llibre contundent i contemporani amb textos literaris de diversos cr\u00edtics com Maria Llu\u00efsa Borr\u00e0s, Gl\u00f2ria Bosch, Eudald Camps, Anna Carreras o Quim Fern\u00e1ndez, entre molts altres.<\/p>\n<p><a href=\"http:\/\/www.fundaciolluiscoromina.org\/wp-content\/uploads\/2021\/10\/1fd22d65-d56f-4f88-984e-5e4637299ad9.jpg\"><img loading=\"lazy\" decoding=\"async\" class=\"alignnone wp-image-5452\" src=\"http:\/\/www.fundaciolluiscoromina.org\/wp-content\/uploads\/2021\/10\/1fd22d65-d56f-4f88-984e-5e4637299ad9-300x200.jpg\" alt=\"\" width=\"400\" height=\"267\" \/><\/a><\/p>\n<p>L\u2019estand de la Fundaci\u00f3 es completar\u00e0 amb el contingut expositiu del fot\u00f2graf i artista Yurian Quintanas, que presentar\u00e0 la seva obra <em>Indago<\/em>. Un recull d\u2019imatges en blanc i negre nascudes de la contemplaci\u00f3 de l\u2019entorn natural i les seves diferents formes, en les quals l\u2019autor redescobreix els nous significats d\u2019all\u00f2 que l\u2019envolta i reflecteix els estats d\u2019\u00e0nims i els sentiments interiors.<\/p>\n<p><a href=\"http:\/\/www.fundaciolluiscoromina.org\/wp-content\/uploads\/2021\/10\/Yurian.png\"><img loading=\"lazy\" decoding=\"async\" class=\"alignnone wp-image-5461\" src=\"http:\/\/www.fundaciolluiscoromina.org\/wp-content\/uploads\/2021\/10\/Yurian-300x193.png\" alt=\"\" width=\"400\" height=\"257\" \/><\/a><\/p>\n<p>&nbsp;<\/p>\n<p>La Fira SWAB de Barcelona es podr\u00e0 visitar del 7 al 10 d\u2019octubre i comptar\u00e0 amb noves propostes com la secci\u00f3 Focus LATAM o el SWAB Performance. Es pot consultar tota la informaci\u00f3, novetats i horaris <a href=\"https:\/\/swab.es\/\" target=\"_blank\" rel=\"noopener\">en aquest enlla\u00e7<\/a>.<\/p>\n","protected":false},"excerpt":{"rendered":"<p>La fira d\u2019art contemporani SWAB de Barcelona celebra la seva catorzena edici\u00f3 del 7 al 10 d\u2019octubre al Pavell\u00f3 Itali\u00e0 &#8230;<\/p>\n","protected":false},"author":2,"featured_media":5453,"comment_status":"open","ping_status":"open","sticky":false,"template":"","format":"standard","meta":{"footnotes":""},"categories":[10],"tags":[],"class_list":["post-5451","post","type-post","status-publish","format-standard","has-post-thumbnail","hentry","category-activitats"],"_links":{"self":[{"href":"http:\/\/fundaciolluiscoromina.org\/index.php\/wp-json\/wp\/v2\/posts\/5451","targetHints":{"allow":["GET"]}}],"collection":[{"href":"http:\/\/fundaciolluiscoromina.org\/index.php\/wp-json\/wp\/v2\/posts"}],"about":[{"href":"http:\/\/fundaciolluiscoromina.org\/index.php\/wp-json\/wp\/v2\/types\/post"}],"author":[{"embeddable":true,"href":"http:\/\/fundaciolluiscoromina.org\/index.php\/wp-json\/wp\/v2\/users\/2"}],"replies":[{"embeddable":true,"href":"http:\/\/fundaciolluiscoromina.org\/index.php\/wp-json\/wp\/v2\/comments?post=5451"}],"version-history":[{"count":0,"href":"http:\/\/fundaciolluiscoromina.org\/index.php\/wp-json\/wp\/v2\/posts\/5451\/revisions"}],"wp:attachment":[{"href":"http:\/\/fundaciolluiscoromina.org\/index.php\/wp-json\/wp\/v2\/media?parent=5451"}],"wp:term":[{"taxonomy":"category","embeddable":true,"href":"http:\/\/fundaciolluiscoromina.org\/index.php\/wp-json\/wp\/v2\/categories?post=5451"},{"taxonomy":"post_tag","embeddable":true,"href":"http:\/\/fundaciolluiscoromina.org\/index.php\/wp-json\/wp\/v2\/tags?post=5451"}],"curies":[{"name":"wp","href":"https:\/\/api.w.org\/{rel}","templated":true}]}}