{"id":5464,"date":"2021-10-07T12:47:51","date_gmt":"2021-10-07T10:47:51","guid":{"rendered":"http:\/\/www.fundaciolluiscoromina.org\/?p=5464"},"modified":"2021-10-07T12:47:51","modified_gmt":"2021-10-07T10:47:51","slug":"presentacio-oficial-de-la-fundacio-girona-est","status":"publish","type":"post","link":"http:\/\/fundaciolluiscoromina.org\/index.php\/2021\/10\/07\/presentacio-oficial-de-la-fundacio-girona-est\/","title":{"rendered":"La Fundaci\u00f3 Girona Est, presentada oficialment a l&#8217;Auditori de Girona"},"content":{"rendered":"<p>Aquesta setmana s\u2019ha presentat la Fundaci\u00f3 Girona Est, una iniciativa que es va materialitzar l\u2019any 2019 gr\u00e0cies a l\u2019empenta d\u2019un grup d\u2019empresaris gironins, encap\u00e7alats per Jaume Sanabras. Com a patrona i col\u00b7laboradora, la Fundaci\u00f3 Llu\u00eds Coromina ha assistit a l\u2019acte de presentaci\u00f3 que ha tingut lloc a l\u2019Auditori de Girona, i tamb\u00e9 participar\u00e0 amb el patrocini de l\u2019exposici\u00f3 de fotografies de Tino Soriano que es presentar\u00e0 properament al centre c\u00edvic del barri de Vila-roja.<\/p>\n<p>La Fundaci\u00f3 Girona Est, que dona cobertura als barris de Vila-Roja, Mas Ramada, La Creueta, Grup Sant Daniel i Font de la P\u00f3lvora, s\u2019ha articulat com una eina de la societat civil gironina, i vol esdevenir una palanca de transformaci\u00f3 social amb la promoci\u00f3 d\u2019activitats vinculades a l\u2019esport, el teatre, la m\u00fasica o la comunicaci\u00f3, entre d\u2019altres. Presentada com una entitat amb valors humanistes que t\u00e9 com a objectiu potenciar uns barris plens de possibilitats i riquesa cultural, la Fundaci\u00f3 Girona Est vol ser un refor\u00e7a de la intensiva tasca que els diferents ajuntaments han desenvolupat durant les \u00faltimes d\u00e8cades.<\/p>\n<p><a href=\"http:\/\/www.fundaciolluiscoromina.org\/wp-content\/uploads\/2021\/10\/z_1216632-San-Daniel.jpeg\"><img loading=\"lazy\" decoding=\"async\" class=\"alignnone size-medium wp-image-5465\" src=\"http:\/\/www.fundaciolluiscoromina.org\/wp-content\/uploads\/2021\/10\/z_1216632-San-Daniel-300x225.jpeg\" alt=\"\" width=\"300\" height=\"225\" \/><\/a><\/p>\n<p>Condu\u00eft pel periodista Josep Puigb\u00f3, l\u2019acte de presentaci\u00f3 ha tingut lloc el dimecres 6 d\u2019octubre a l\u2019Auditori de Girona i ha comptat amb la pres\u00e8ncia de Marta Madrenas, alcaldessa de Girona; Elena Massot, presidenta de FemCat; Jaume Sanabras, president de la Fundaci\u00f3 Girona Est; Pep Presas, vicepresident primer de la Diputaci\u00f3 de Girona, i Roger Torrent, conseller d\u2019Empresa i Treball. La presentaci\u00f3 oficial s\u2019ha completat amb un seguit de v\u00eddeos i taules rodones per explicar els diferents blocs de la fundaci\u00f3, aix\u00ed com actuacions musicals i reconeixements a persones importants del barri.<\/p>\n","protected":false},"excerpt":{"rendered":"<p>Aquesta setmana s\u2019ha presentat la Fundaci\u00f3 Girona Est, una iniciativa que es va materialitzar l\u2019any 2019 gr\u00e0cies a l\u2019empenta d\u2019un &#8230;<\/p>\n","protected":false},"author":2,"featured_media":5466,"comment_status":"open","ping_status":"open","sticky":false,"template":"","format":"standard","meta":{"footnotes":""},"categories":[10],"tags":[],"class_list":["post-5464","post","type-post","status-publish","format-standard","has-post-thumbnail","hentry","category-activitats"],"_links":{"self":[{"href":"http:\/\/fundaciolluiscoromina.org\/index.php\/wp-json\/wp\/v2\/posts\/5464","targetHints":{"allow":["GET"]}}],"collection":[{"href":"http:\/\/fundaciolluiscoromina.org\/index.php\/wp-json\/wp\/v2\/posts"}],"about":[{"href":"http:\/\/fundaciolluiscoromina.org\/index.php\/wp-json\/wp\/v2\/types\/post"}],"author":[{"embeddable":true,"href":"http:\/\/fundaciolluiscoromina.org\/index.php\/wp-json\/wp\/v2\/users\/2"}],"replies":[{"embeddable":true,"href":"http:\/\/fundaciolluiscoromina.org\/index.php\/wp-json\/wp\/v2\/comments?post=5464"}],"version-history":[{"count":0,"href":"http:\/\/fundaciolluiscoromina.org\/index.php\/wp-json\/wp\/v2\/posts\/5464\/revisions"}],"wp:attachment":[{"href":"http:\/\/fundaciolluiscoromina.org\/index.php\/wp-json\/wp\/v2\/media?parent=5464"}],"wp:term":[{"taxonomy":"category","embeddable":true,"href":"http:\/\/fundaciolluiscoromina.org\/index.php\/wp-json\/wp\/v2\/categories?post=5464"},{"taxonomy":"post_tag","embeddable":true,"href":"http:\/\/fundaciolluiscoromina.org\/index.php\/wp-json\/wp\/v2\/tags?post=5464"}],"curies":[{"name":"wp","href":"https:\/\/api.w.org\/{rel}","templated":true}]}}