{"id":5472,"date":"2021-10-13T09:58:16","date_gmt":"2021-10-13T07:58:16","guid":{"rendered":"http:\/\/www.fundaciolluiscoromina.org\/?p=5472"},"modified":"2021-10-13T09:58:16","modified_gmt":"2021-10-13T07:58:16","slug":"lespai-eat-art-acull-un-nou-cicle-de-concerts-de-jazz-i-musiques-improvisades","status":"publish","type":"post","link":"http:\/\/fundaciolluiscoromina.org\/index.php\/2021\/10\/13\/lespai-eat-art-acull-un-nou-cicle-de-concerts-de-jazz-i-musiques-improvisades\/","title":{"rendered":"L\u2019Espai Eat Art acull un nou cicle de concerts de jazz i m\u00fasiques improvisades"},"content":{"rendered":"<p>Aquesta tardor, el jazz i les m\u00fasiques improvisades tornen a l\u2019Espai Eat Art de Banyoles amb un cicle de tres concerts organitzats per la Fundaci\u00f3 Llu\u00eds Coromina, amb la col\u00b7laboraci\u00f3 de FEMJazz! El duet Granular Bastards ser\u00e0 l\u2019encarregat d\u2019inaugurar el nou cicle el dijous 28 d\u2019octubre, i els seguiran les actuacions del m\u00fasic experimental \u00c1ngel Faraldo (divendres 26 de novembre) i del duet format per Luz Prado i Wade Matthews (divendres 10 de desembre). Tots els concerts tindran lloc a les 20 h i l\u2019aforament ser\u00e0 limitat. Les entrades a 8 \u20ac es posaran a la venda una hora abans de cada actuaci\u00f3.<\/p>\n<p><strong>Granular Bastards | Dijous 28 d\u2019octubre \u2013 20 h<\/strong><\/p>\n<p>Duet art\u00edstic format per Valeria Miracapillo (electr\u00f2nica) i Albert Cirera (saxos i objectes). Nascut l\u2019any 2018 en el marc del Rhythmic Music Conservatory (RCM) de Copenhaguen, el projecte de Granular Bastards es basa en sessions improvisades en qu\u00e8 destaquen les veus crues i despullades dels instruments, les transicions pausades, els per\u00edodes as\u00edncrons i les densitats ca\u00f2tiques. Un duet amb poc recorregut per\u00f2 molta projecci\u00f3.<\/p>\n<p><a href=\"http:\/\/www.fundaciolluiscoromina.org\/wp-content\/uploads\/2021\/10\/KlubPrimi_pic5.jpg\"><img loading=\"lazy\" decoding=\"async\" class=\"alignnone size-medium wp-image-5473\" src=\"http:\/\/www.fundaciolluiscoromina.org\/wp-content\/uploads\/2021\/10\/KlubPrimi_pic5-300x183.jpg\" alt=\"\" width=\"300\" height=\"183\" \/><\/a><\/p>\n<p><strong>\u00c1ngel Faraldo | Divendres 26 de novembre \u2013 20 h<\/strong><\/p>\n<p>Creador de m\u00fasica experimental amb una \u00e0mplia experi\u00e8ncia en instal\u00b7lacions sonores i creacions per a teatre, dansa i cinema. Director art\u00edstic de la Fundaci\u00f3 Phonos, \u00c1ngel Faraldo ha desenvolupat una intensa labor com a int\u00e8rpret i realitzador de m\u00fasica electr\u00f2nica en viu, i arriba a Banyoles per presentar <em>Mesa y Objetos<\/em>, un treball que utilitza processos de retroalimentaci\u00f3 ac\u00fastica per explorar les propietats sonores dels objectes i els materials m\u00e9s quotidians.<\/p>\n<p><strong>\u00a0<a href=\"http:\/\/www.fundaciolluiscoromina.org\/wp-content\/uploads\/2021\/10\/Guia_cuadrado.jpg\"><img loading=\"lazy\" decoding=\"async\" class=\"alignnone size-medium wp-image-5474\" src=\"http:\/\/www.fundaciolluiscoromina.org\/wp-content\/uploads\/2021\/10\/Guia_cuadrado-300x300.jpg\" alt=\"\" width=\"300\" height=\"300\" \/><\/a><\/strong><\/p>\n<p><strong>Luz Prado i Wade Matthews | Divendres 10 de desembre \u2013 20 h<br \/>\n<\/strong>El duet art\u00edstic presenta <em>Here and Now<\/em>, una proposta de m\u00fasica de c\u00e0mera electroac\u00fastica basada en la improvisaci\u00f3 i el comprom\u00eds del so en temps real, que parteix del viol\u00ed de Luz Prado i es barreja amb les sonoritats del software personalitzat i flexible de Wade Matthews. Un directe \u00fanic amb exploraci\u00f3 sonora en qu\u00e8 els instruments es fusionen en una sola veu, per\u00f2 tamb\u00e9 mostren un di\u00e0leg contrapunt\u00edstic que reflecteix les seves difer\u00e8ncies.<\/p>\n<p><a href=\"http:\/\/www.fundaciolluiscoromina.org\/wp-content\/uploads\/2021\/10\/Version-3-1.jpg\"><img loading=\"lazy\" decoding=\"async\" class=\"alignnone size-medium wp-image-5475\" src=\"http:\/\/www.fundaciolluiscoromina.org\/wp-content\/uploads\/2021\/10\/Version-3-1-300x219.jpg\" alt=\"\" width=\"300\" height=\"219\" \/><\/a><\/p>\n","protected":false},"excerpt":{"rendered":"<p>Aquesta tardor, el jazz i les m\u00fasiques improvisades tornen a l\u2019Espai Eat Art de Banyoles amb un cicle de tres &#8230;<\/p>\n","protected":false},"author":2,"featured_media":5476,"comment_status":"open","ping_status":"open","sticky":false,"template":"","format":"standard","meta":{"footnotes":""},"categories":[10],"tags":[],"class_list":["post-5472","post","type-post","status-publish","format-standard","has-post-thumbnail","hentry","category-activitats"],"_links":{"self":[{"href":"http:\/\/fundaciolluiscoromina.org\/index.php\/wp-json\/wp\/v2\/posts\/5472","targetHints":{"allow":["GET"]}}],"collection":[{"href":"http:\/\/fundaciolluiscoromina.org\/index.php\/wp-json\/wp\/v2\/posts"}],"about":[{"href":"http:\/\/fundaciolluiscoromina.org\/index.php\/wp-json\/wp\/v2\/types\/post"}],"author":[{"embeddable":true,"href":"http:\/\/fundaciolluiscoromina.org\/index.php\/wp-json\/wp\/v2\/users\/2"}],"replies":[{"embeddable":true,"href":"http:\/\/fundaciolluiscoromina.org\/index.php\/wp-json\/wp\/v2\/comments?post=5472"}],"version-history":[{"count":0,"href":"http:\/\/fundaciolluiscoromina.org\/index.php\/wp-json\/wp\/v2\/posts\/5472\/revisions"}],"wp:attachment":[{"href":"http:\/\/fundaciolluiscoromina.org\/index.php\/wp-json\/wp\/v2\/media?parent=5472"}],"wp:term":[{"taxonomy":"category","embeddable":true,"href":"http:\/\/fundaciolluiscoromina.org\/index.php\/wp-json\/wp\/v2\/categories?post=5472"},{"taxonomy":"post_tag","embeddable":true,"href":"http:\/\/fundaciolluiscoromina.org\/index.php\/wp-json\/wp\/v2\/tags?post=5472"}],"curies":[{"name":"wp","href":"https:\/\/api.w.org\/{rel}","templated":true}]}}