{"id":5483,"date":"2021-10-15T10:33:57","date_gmt":"2021-10-15T08:33:57","guid":{"rendered":"http:\/\/www.fundaciolluiscoromina.org\/?p=5483"},"modified":"2021-10-15T10:33:57","modified_gmt":"2021-10-15T08:33:57","slug":"collaboracio-amb-la-nova-publicacio-de-pere-monras-i-jorge-i-aguadero-del-error-al-asombro","status":"publish","type":"post","link":"http:\/\/fundaciolluiscoromina.org\/index.php\/2021\/10\/15\/collaboracio-amb-la-nova-publicacio-de-pere-monras-i-jorge-i-aguadero-del-error-al-asombro\/","title":{"rendered":"Col\u00b7laboraci\u00f3 amb la nova publicaci\u00f3 de Pere Monr\u00e0s i Jorge I. Aguadero: \u201cDel error al asombro\u201d"},"content":{"rendered":"<p>La Fundaci\u00f3 Llu\u00eds Coromina ha col\u00b7laborat amb la publicaci\u00f3 <em>Del error al asombro. El encuentro entre la ciencia y la cultura<\/em>, dels autors Pere Monr\u00e0s i Jorge I. Aguadero, amb l\u2019adquisici\u00f3 d\u2019un n\u00famero limitat d\u2019exemplars. El llibre es presentar\u00e0 oficialment el 25 de novembre a l\u2019Espai Isern Dalmau de Barcelona (18:30 h), i comptar\u00e0 amb una original posada en escena d\u2019art i performance.<\/p>\n<p><em>Del error al asombro. El encuentro entre la ciencia y la cultura<\/em> \u00e9s una obra de filosofia de la vida que proposa un canvi de paradigma, posant en valor la part m\u00e9s intangible com a font de coneixement. El metge onc\u00f2leg Pere Monr\u00e0s i l\u2019escriptor Jorge I. Aguadero s\u00f3n els autors d\u2019aquesta publicaci\u00f3, que anticipa una visi\u00f3 esperan\u00e7adora que ha de portar-nos a superar els models tradicionals obsolets, i tamb\u00e9 proposa una recerca de coneixement en la interrelaci\u00f3 dels elements que comparteixen l\u2019ecosistema. El pensament dels autors, que pren forma en el camp de la biomim\u00e8tica, parteix de la tesi que afirma que la natura porta 3.800 milions d\u2019anys millorant i progressant a trav\u00e9s de l\u2019error, fet que indica que l\u2019home \u00e9s una esp\u00e8cie adolescent i recentment arribada al planeta. A partir d\u2019aqu\u00ed, el q\u00fcestionament que es plantegen Monr\u00e0s i Aguadero \u00e9s el seg\u00fcent: Estem aprenent d\u2019aix\u00f2? Est\u00e0 la societat preparada per sumar la l\u00f2gica sensorial a la racional i la relacional?<\/p>\n<p>Els autors han comptat amb un suport inestimable de personalitats del m\u00f3n cient\u00edfic i empresarial, com Pablo Villoslada, professor i investigador neurocient\u00edfic en la Universitat de Standford, o Narciso Berberana, conseller d\u2019Aig\u00fces de Barcelona, entre d\u2019altres. El llibre est\u00e0 il\u00b7lustrat per l\u2019artista Agust\u00ed Puig, que ha creat una col\u00b7lecci\u00f3 de treballs pict\u00f2rics especialment per a la publicaci\u00f3, i que d\u00f3na lloc a un llenguatge visual, interpretatiu i reflexiu.<\/p>\n<p><em>Del error al asombro<\/em>, llibre fundacional de l\u2019Institut de Ci\u00e8ncies Biomim\u00e8tiques (BSI, Biomimetic Sciences Institute), no \u00e9s una obra narrativa, sin\u00f3 que es tracta d\u2019una obra que pret\u00e9n integrar la cr\u00edtica del passat per imaginar un futur no lineal i, amb aix\u00f2, incrementar la lucidesa i el goig del present en tots els \u00e0mbits.<\/p>\n<p><span style=\"color: #ff0000;\"><em><strong>Nota important:<\/strong> Per assistir a l&#8217;acte de presentaci\u00f3 cal realitzar reserva pr\u00e8via al correu electr\u00f2nic\u00a0coordinacio@fundaciolluiscoromina.org. Per accedir caldr\u00e0 mostrar el Certificat Covid a l&#8217;entrada.<\/em><\/span><\/p>\n<p>&nbsp;<\/p>\n<p><strong>Pere Monr\u00e0s, metge onc\u00f2leg i president del BSI<\/strong><\/p>\n<p>Reconegut com un dels motors de la innovaci\u00f3 i la gesti\u00f3 de l\u2019organitzaci\u00f3 en el m\u00f3n de la sanitat, Pere Monr\u00e0s ha exercit com a metge i ha desenvolupat diverses tasques de direcci\u00f3 en el sistema sanitari, com a la Corporaci\u00f3 Sanit\u00e0ria Parc Taul\u00ed o a la Patronal del sector UCH. La seva recerca ha inspirat reflexions i accions en la necessitat d\u2019integrar la investigaci\u00f3 i la innovaci\u00f3 dels serveis sanitaris per progressar socialment. Tamb\u00e9 ha estat president i fundador del Cercle per al Coneixement, i ha impulsat algunes iniciatives per vincular la ci\u00e8ncia amb l\u2019art.<\/p>\n<p>L\u2019any 2018 promou la fundaci\u00f3 Institut de Ci\u00e8ncies Biomim\u00e8tiques (BSI), dedicada plenament a la construcci\u00f3 d\u2019un model d\u2019inspiraci\u00f3 biomim\u00e8tica com a ci\u00e8ncia del descobriment de la natura viva, aplicant l\u2019art d\u2019utilitzar la ra\u00f3 i les relacions i, d\u2019aquesta forma, fer palesa la necessitat d\u2019una revoluci\u00f3 de la consci\u00e8ncia.<\/p>\n<p><strong>Jorge I. Aguadero, escriptor<\/strong><\/p>\n<p>Novel\u00b7lista, dramaturg, articulista i guionista. Aguadero \u00e9s el primer occidental que escriu amb regularitat articles d\u2019opini\u00f3 sobre pol\u00edtica internacional i sobre cultura en el Global Times i el People\u2019s Daily, mitjans de comunicaci\u00f3 de Xina. Els seus textos es tradueixen en desenes d\u2019idiomes com el xin\u00e8s, l\u2019angl\u00e8s, el japon\u00e8s, el franc\u00e8s, el castella, el rus o l\u2019\u00e0rab, entre moltes altres. Jugador d\u2019escacs amb una \u00e0mplia experi\u00e8ncia i recorregut, tamb\u00e9 \u00e9s el redactor principal i coordinador de la revista d\u2019escacs \u201cPe\u00f3n de Rey\u201d.<\/p>\n","protected":false},"excerpt":{"rendered":"<p>La Fundaci\u00f3 Llu\u00eds Coromina ha col\u00b7laborat amb la publicaci\u00f3 Del error al asombro. El encuentro entre la ciencia y la &#8230;<\/p>\n","protected":false},"author":2,"featured_media":5484,"comment_status":"open","ping_status":"open","sticky":false,"template":"","format":"standard","meta":{"footnotes":""},"categories":[10],"tags":[],"class_list":["post-5483","post","type-post","status-publish","format-standard","has-post-thumbnail","hentry","category-activitats"],"_links":{"self":[{"href":"http:\/\/fundaciolluiscoromina.org\/index.php\/wp-json\/wp\/v2\/posts\/5483","targetHints":{"allow":["GET"]}}],"collection":[{"href":"http:\/\/fundaciolluiscoromina.org\/index.php\/wp-json\/wp\/v2\/posts"}],"about":[{"href":"http:\/\/fundaciolluiscoromina.org\/index.php\/wp-json\/wp\/v2\/types\/post"}],"author":[{"embeddable":true,"href":"http:\/\/fundaciolluiscoromina.org\/index.php\/wp-json\/wp\/v2\/users\/2"}],"replies":[{"embeddable":true,"href":"http:\/\/fundaciolluiscoromina.org\/index.php\/wp-json\/wp\/v2\/comments?post=5483"}],"version-history":[{"count":0,"href":"http:\/\/fundaciolluiscoromina.org\/index.php\/wp-json\/wp\/v2\/posts\/5483\/revisions"}],"wp:attachment":[{"href":"http:\/\/fundaciolluiscoromina.org\/index.php\/wp-json\/wp\/v2\/media?parent=5483"}],"wp:term":[{"taxonomy":"category","embeddable":true,"href":"http:\/\/fundaciolluiscoromina.org\/index.php\/wp-json\/wp\/v2\/categories?post=5483"},{"taxonomy":"post_tag","embeddable":true,"href":"http:\/\/fundaciolluiscoromina.org\/index.php\/wp-json\/wp\/v2\/tags?post=5483"}],"curies":[{"name":"wp","href":"https:\/\/api.w.org\/{rel}","templated":true}]}}