{"id":5490,"date":"2021-11-02T11:18:20","date_gmt":"2021-11-02T10:18:20","guid":{"rendered":"http:\/\/www.fundaciolluiscoromina.org\/?p=5490"},"modified":"2021-11-02T11:18:20","modified_gmt":"2021-11-02T10:18:20","slug":"art-i-paraula-la-nova-exposicio-itinerant-de-la-fundacio-lluis-coromina","status":"publish","type":"post","link":"http:\/\/fundaciolluiscoromina.org\/index.php\/2021\/11\/02\/art-i-paraula-la-nova-exposicio-itinerant-de-la-fundacio-lluis-coromina\/","title":{"rendered":"Art i Paraula, la nova exposici\u00f3 itinerant de la Fundaci\u00f3 Llu\u00eds Coromina"},"content":{"rendered":"<p>La Fundaci\u00f3 Llu\u00eds Coromina presenta l\u2019exposici\u00f3 <em>Art i Paraula<\/em>, una mostra itinerant d\u2019art contemporani i poesia catalana que neix amb l\u2019objectiu de donar a con\u00e8ixer els vincles existents entre diversos artistes visuals i poetes de Catalunya, com Salvador Espriu, Francesca Llopis, Joan Oliver, Am\u00e8lia Riera, Guinovart o Maria Merc\u00e8 Mar\u00e7al, entre molts altres. La nova exposici\u00f3 de la Fundaci\u00f3 s\u2019inaugurar\u00e0 el pr\u00f2xim dijous 4 de novembre (19 h) a la Factoria Cultural de Terrassa, i comptar\u00e0 amb l\u2019espectacle de veu i dansa <em>Paraula viva<\/em> de les artistes catalanes Neus Borrell i Mireia de Querol. Comissariada per Fina Duran, Jes\u00fas Gald\u00f3n i Martina Morittu, la mostra es podr\u00e0 visitar fins al 23 de gener del 2022 i ha comptat amb la col\u00b7laboraci\u00f3 de la Fundaci\u00f3 Centre Cultural de Terrassa, aix\u00ed com amb el suport de la Fundaci\u00f3 Josep Guinovart, la Fundaci\u00f3 Fel\u00edcia Fuster, \u00d2mnium Cultural i la Instituci\u00f3 de les Lletres Catalanes de la Generalitat de Catalunya.<\/p>\n<p>Amb l\u2019objectiu de crear un recorregut que permeti donar a con\u00e8ixer les obres d\u2019artistes i poetes de diferents generacions i llenguatges de la cultura catalana, la mostra <em>Art i Paraula \/ 11 artistes i 11 poetes<\/em> busca trobar els l\u00edmits entre el poema visual i el poema literari a trav\u00e9s de les mirades d\u2019onze artistes visuals, que dialoguen amb les obres de poetes com Ausi\u00e0s March, Salvador Espriu o J. V. Estell\u00e9s, entre d\u2019altres. Amb aquesta iniciativa, la Fundaci\u00f3 Llu\u00eds Coromina vol promoure les obres d\u2019alguns dels representants m\u00e9s destacats de l\u2019art i la poesia de Catalunya, i apropar aquestes dues vessants art\u00edstiques a nous p\u00fablics a trav\u00e9s d\u2019una proposta interdisciplin\u00e0ria que tamb\u00e9 inclour\u00e0 activitats performatives i actuacions, com la que tindr\u00e0 lloc el dia de la inauguraci\u00f3.<\/p>\n<p>El dijous 4 de novembre a les 7 de la tarda, l\u2019exposici\u00f3 itinerant <em>Art i Paraula<\/em> iniciar\u00e0 el seu recorregut a la Factoria Cultural de Terrassa amb l\u2019actuaci\u00f3 <em>Paraula viva. Poemes cantats i dansats<\/em> de la cantant Neus Borrell i la ballarina Mireia de Querol, un di\u00e0leg entre veu i cos creat a partir dels textos de tres poetes femenines que formaran part de la mostra: Maria Merc\u00e8 Mar\u00e7al, Fel\u00edcia Fuster i \u00c0ngels Moreno.<\/p>\n<p>L\u2019exposici\u00f3, que tamb\u00e9 comptar\u00e0 amb una obra de l\u2019artista banyol\u00ed Llu\u00eds Vil\u00e0, es podr\u00e0 visitar fins al 23 de gener del 2022 a Terrassa. M\u00e9s informaci\u00f3 <a href=\"https:\/\/www.lafactcultural.cat\/exposicio\/art-i-paraula\/\" target=\"_blank\" rel=\"noopener\">en aquest enlla\u00e7.<\/a><\/p>\n<p><a href=\"http:\/\/www.fundaciolluiscoromina.org\/wp-content\/uploads\/2021\/11\/imatge-escrit-Llui\u0301s-Vila\u0300.jpg\"><img loading=\"lazy\" decoding=\"async\" class=\"alignnone wp-image-5496\" src=\"http:\/\/www.fundaciolluiscoromina.org\/wp-content\/uploads\/2021\/11\/imatge-escrit-Llui\u0301s-Vila\u0300-215x300.jpg\" alt=\"\" width=\"364\" height=\"508\" \/><\/a><\/p>\n<p><em>Obra de Llu\u00eds Vil\u00e0<\/em><\/p>\n","protected":false},"excerpt":{"rendered":"<p>La Fundaci\u00f3 Llu\u00eds Coromina presenta l\u2019exposici\u00f3 Art i Paraula, una mostra itinerant d\u2019art contemporani i poesia catalana que neix amb &#8230;<\/p>\n","protected":false},"author":2,"featured_media":5491,"comment_status":"open","ping_status":"open","sticky":false,"template":"","format":"standard","meta":{"footnotes":""},"categories":[10],"tags":[],"class_list":["post-5490","post","type-post","status-publish","format-standard","has-post-thumbnail","hentry","category-activitats"],"_links":{"self":[{"href":"http:\/\/fundaciolluiscoromina.org\/index.php\/wp-json\/wp\/v2\/posts\/5490","targetHints":{"allow":["GET"]}}],"collection":[{"href":"http:\/\/fundaciolluiscoromina.org\/index.php\/wp-json\/wp\/v2\/posts"}],"about":[{"href":"http:\/\/fundaciolluiscoromina.org\/index.php\/wp-json\/wp\/v2\/types\/post"}],"author":[{"embeddable":true,"href":"http:\/\/fundaciolluiscoromina.org\/index.php\/wp-json\/wp\/v2\/users\/2"}],"replies":[{"embeddable":true,"href":"http:\/\/fundaciolluiscoromina.org\/index.php\/wp-json\/wp\/v2\/comments?post=5490"}],"version-history":[{"count":0,"href":"http:\/\/fundaciolluiscoromina.org\/index.php\/wp-json\/wp\/v2\/posts\/5490\/revisions"}],"wp:attachment":[{"href":"http:\/\/fundaciolluiscoromina.org\/index.php\/wp-json\/wp\/v2\/media?parent=5490"}],"wp:term":[{"taxonomy":"category","embeddable":true,"href":"http:\/\/fundaciolluiscoromina.org\/index.php\/wp-json\/wp\/v2\/categories?post=5490"},{"taxonomy":"post_tag","embeddable":true,"href":"http:\/\/fundaciolluiscoromina.org\/index.php\/wp-json\/wp\/v2\/tags?post=5490"}],"curies":[{"name":"wp","href":"https:\/\/api.w.org\/{rel}","templated":true}]}}