{"id":5510,"date":"2021-11-15T09:51:44","date_gmt":"2021-11-15T08:51:44","guid":{"rendered":"http:\/\/www.fundaciolluiscoromina.org\/?p=5510"},"modified":"2021-11-15T09:51:44","modified_gmt":"2021-11-15T08:51:44","slug":"lespai-eat-art-de-banyoles-acull-lexposicio-thad-jones-llavors-de-jazz-a-banyoles","status":"publish","type":"post","link":"http:\/\/fundaciolluiscoromina.org\/index.php\/2021\/11\/15\/lespai-eat-art-de-banyoles-acull-lexposicio-thad-jones-llavors-de-jazz-a-banyoles\/","title":{"rendered":"L&#8217;Espai Eat Art de Banyoles acull l&#8217;exposici\u00f3\u00a0\u2018Thad Jones: Llavors de jazz a Banyoles\u2019"},"content":{"rendered":"<p>La Fundaci\u00f3 Llu\u00eds Coromina col\u00b7labora amb l\u2019associaci\u00f3 FEMJazz! Banyoles i l\u2019exposici\u00f3 <em>Thad Jones: Llavors de jazz a Banyoles<\/em>, que tindr\u00e0 lloc a l\u2019Espai Eat Art del 19 de novembre al 18 de desembre. La mostra, que se centra en la figura del trompetista Thad Jones i les dues estades formatives que va fer a la ciutat de Banyoles els anys 1980 i 1981 durant els Seminaris Internacionals de Jazz, recupera els materials i els testimonis d\u2019aquella \u00e8poca. L\u2019exposici\u00f3, que est\u00e0 vinculada amb el concert <em>Homenatge a Thad Jones<\/em> organitzat per Joventuts Musicals de Banyoles, s\u2019inaugurar\u00e0 el divendres 19 de novembre a les 19 h a l\u2019Espai Eat Art.<\/p>\n<p>Els Seminaris Internacionals de Jazz de Banyoles que van tenir lloc els anys 1980 i 1981 van suposar una experi\u00e8ncia musical i formativa pionera a nivell catal\u00e0 i espanyol, i van contribuir al despertar definitiu de la inquietud pel jazz a la capital del Pla de l\u2019Estany. Les jornades van comptar amb la participaci\u00f3 de diversos docents m\u00fasics de reconegut prestigi dels Estats Units, entre els quals va destacar el trompetista, compositor i director de <em>big band<\/em> Thad Jones.<\/p>\n<p>Per commemorar aquesta efem\u00e8ride, la Girona Jazz Project ha ideat el concert <em>Homenatge a Thad Jones<\/em>, organitzat per\u00a0Joventuts Musicals de Banyoles, que tindr\u00e0 lloc el dissabte 4 de desembre a l&#8217;Auditori de l&#8217;Ateneu de Banyoles. Amb motiu d\u2019aquest esdeveniment commemoratiu, el Taller de M\u00fasica de Banyoles ha creat l\u2019exposici\u00f3 <em>Thad Jones: Llavors de jazz a Banyoles<\/em>, una mostra que recull diversos materials dels seminaris dels anys 80, aix\u00ed com algunes de les veus dels testimonis que els van viure, amb l\u2019objectiu de donar a con\u00e8ixer la hist\u00f2ria de Thad Jones i el paper decisiu del trompetista Am\u00e9rico Bellotto, coordinador de les jornades jazz\u00edstiques d\u2019aquella \u00e8poca.<\/p>\n<p><a href=\"http:\/\/www.fundaciolluiscoromina.org\/wp-content\/uploads\/2021\/11\/TJ-Cartell-Digital-01.jpg\"><img loading=\"lazy\" decoding=\"async\" class=\"alignnone  wp-image-5517\" src=\"http:\/\/www.fundaciolluiscoromina.org\/wp-content\/uploads\/2021\/11\/TJ-Cartell-Digital-01-169x300.jpg\" alt=\"\" width=\"224\" height=\"398\" \/><\/a><\/p>\n<p>L\u2019exposici\u00f3, que s\u2019inaugura el proper divendres 19 de novembre a les 19 h, es podr\u00e0 visitar fins al 18 de desembre a l\u2019Espai Eat Art. Els horaris de visita s\u00f3n els dijous i divendres de 16:30 h a 20:30 h, i els dissabtes d\u201911 h a 14:00 h i de 16:30 h a 20:30 h.<\/p>\n","protected":false},"excerpt":{"rendered":"<p>La Fundaci\u00f3 Llu\u00eds Coromina col\u00b7labora amb l\u2019associaci\u00f3 FEMJazz! Banyoles i l\u2019exposici\u00f3 Thad Jones: Llavors de jazz a Banyoles, que tindr\u00e0 &#8230;<\/p>\n","protected":false},"author":2,"featured_media":5512,"comment_status":"open","ping_status":"open","sticky":false,"template":"","format":"standard","meta":{"footnotes":""},"categories":[10],"tags":[],"class_list":["post-5510","post","type-post","status-publish","format-standard","has-post-thumbnail","hentry","category-activitats"],"_links":{"self":[{"href":"http:\/\/fundaciolluiscoromina.org\/index.php\/wp-json\/wp\/v2\/posts\/5510","targetHints":{"allow":["GET"]}}],"collection":[{"href":"http:\/\/fundaciolluiscoromina.org\/index.php\/wp-json\/wp\/v2\/posts"}],"about":[{"href":"http:\/\/fundaciolluiscoromina.org\/index.php\/wp-json\/wp\/v2\/types\/post"}],"author":[{"embeddable":true,"href":"http:\/\/fundaciolluiscoromina.org\/index.php\/wp-json\/wp\/v2\/users\/2"}],"replies":[{"embeddable":true,"href":"http:\/\/fundaciolluiscoromina.org\/index.php\/wp-json\/wp\/v2\/comments?post=5510"}],"version-history":[{"count":0,"href":"http:\/\/fundaciolluiscoromina.org\/index.php\/wp-json\/wp\/v2\/posts\/5510\/revisions"}],"wp:attachment":[{"href":"http:\/\/fundaciolluiscoromina.org\/index.php\/wp-json\/wp\/v2\/media?parent=5510"}],"wp:term":[{"taxonomy":"category","embeddable":true,"href":"http:\/\/fundaciolluiscoromina.org\/index.php\/wp-json\/wp\/v2\/categories?post=5510"},{"taxonomy":"post_tag","embeddable":true,"href":"http:\/\/fundaciolluiscoromina.org\/index.php\/wp-json\/wp\/v2\/tags?post=5510"}],"curies":[{"name":"wp","href":"https:\/\/api.w.org\/{rel}","templated":true}]}}