{"id":5530,"date":"2021-12-23T10:58:04","date_gmt":"2021-12-23T09:58:04","guid":{"rendered":"http:\/\/www.fundaciolluiscoromina.org\/?p=5530"},"modified":"2021-12-23T10:58:04","modified_gmt":"2021-12-23T09:58:04","slug":"aquestes-nadal-visita-les-exposicions-a-barcelona-i-terrassa","status":"publish","type":"post","link":"http:\/\/fundaciolluiscoromina.org\/index.php\/2021\/12\/23\/aquestes-nadal-visita-les-exposicions-a-barcelona-i-terrassa\/","title":{"rendered":"Aquestes Nadal, visita les exposicions a Barcelona i Terrassa"},"content":{"rendered":"<p>La\u00a0Fundaci\u00f3 Llu\u00eds Coromina\u00a0us desitja bones festes\u00a0i un nou any ple de felicitat,\u00a0prosperitat, bona companyia, cultura i art!<\/p>\n<p><a href=\"http:\/\/www.fundaciolluiscoromina.org\/wp-content\/uploads\/2021\/12\/Felicitacio\u0301-2021.jpg\"><img loading=\"lazy\" decoding=\"async\" class=\"alignnone wp-image-5532 \" src=\"http:\/\/www.fundaciolluiscoromina.org\/wp-content\/uploads\/2021\/12\/Felicitacio\u0301-2021.jpg\" alt=\"\" width=\"889\" height=\"424\" \/><\/a><\/p>\n<p>&nbsp;<\/p>\n<p>Us recordem que aquest Nadal podeu visitar les dues exposicions de la Fundaci\u00f3, a Barcelona i Terrassa:<\/p>\n<p><strong>Eugenio Ampudia. Concert pel Bioc\u00e8\u00a0<\/strong><\/p>\n<p><em><strong>Espai Isern Dalmau de Barcelona<\/strong><\/em><\/p>\n<p><a href=\"http:\/\/www.fundaciolluiscoromina.org\/eugenio-ampudia-concert-pel-bioce-nova-exposicio-a-lespai-isern-dalmau-de-barcelona\/\"><img loading=\"lazy\" decoding=\"async\" class=\"alignnone size-medium wp-image-5392\" src=\"http:\/\/www.fundaciolluiscoromina.org\/wp-content\/uploads\/2021\/09\/Sin-t\u00edtulo-1-300x188.png\" alt=\"\" width=\"300\" height=\"188\" \/><\/a><\/p>\n<p>L\u2019artista conceptual Eugenio Ampudia presenta una selecci\u00f3 d\u2019imatges de l\u2019acci\u00f3 art\u00edstica que va realitzar al Gran Teatre del Liceu el juny del 2020. La mostra tamb\u00e9 inclou un v\u00eddeo art\u00edstic del projecte.<\/p>\n<p>L\u2019exposici\u00f3 es pot visitar de dimarts a divendres de 17 h a 20 h, i els dissabtes de 10 h a 13 h. Els dies 24, 25 i 31 de desembre, i l\u20191 i el 6 de gener de 2022, l\u2019espai estar\u00e0 tancat al p\u00fablic.<\/p>\n<p>M\u00e9s informaci\u00f3 <a href=\"http:\/\/www.fundaciolluiscoromina.org\/eugenio-ampudia-concert-pel-bioce-nova-exposicio-a-lespai-isern-dalmau-de-barcelona\/\">en aquest enlla\u00e7<\/a>.<\/p>\n<p>&nbsp;<\/p>\n<p><strong>Art i Paraula. 11 artistes i 11 poetes<\/strong><\/p>\n<p><em><strong>Factoria Cultural de Terrassa<\/strong><\/em><\/p>\n<p><a href=\"http:\/\/www.fundaciolluiscoromina.org\/art-i-paraula-la-nova-exposicio-itinerant-de-la-fundacio-lluis-coromina\/\"><img loading=\"lazy\" decoding=\"async\" class=\"alignnone size-medium wp-image-5531\" src=\"http:\/\/www.fundaciolluiscoromina.org\/wp-content\/uploads\/2021\/12\/IMG-20211103-WA0019-300x227.jpg\" alt=\"\" width=\"300\" height=\"227\" \/><\/a><\/p>\n<p>Mostra itinerant d\u2019art contemporani i poesia catalana que neix amb l\u2019objectiu de donar a con\u00e8ixer els vincles existents entre diversos artistes visuals i poetes de Catalunya, com Salvador Espriu, Francesca Llopis, Joan Oliver, Am\u00e8lia Riera, Guinovart o Maria Merc\u00e8 Mar\u00e7al, entre molts altres.<\/p>\n<p>L\u2019exposici\u00f3 es pot visitar de dilluns a dissabte, de 16 h a 21 h.<\/p>\n<p>M\u00e9s informaci\u00f3 <a href=\"http:\/\/www.fundaciolluiscoromina.org\/art-i-paraula-la-nova-exposicio-itinerant-de-la-fundacio-lluis-coromina\/\">en aquest enlla\u00e7<\/a>.<\/p>\n","protected":false},"excerpt":{"rendered":"<p>La\u00a0Fundaci\u00f3 Llu\u00eds Coromina\u00a0us desitja bones festes\u00a0i un nou any ple de felicitat,\u00a0prosperitat, bona companyia, cultura i art! &nbsp; Us recordem &#8230;<\/p>\n","protected":false},"author":2,"featured_media":5542,"comment_status":"open","ping_status":"open","sticky":false,"template":"","format":"standard","meta":{"footnotes":""},"categories":[10],"tags":[],"class_list":["post-5530","post","type-post","status-publish","format-standard","has-post-thumbnail","hentry","category-activitats"],"_links":{"self":[{"href":"http:\/\/fundaciolluiscoromina.org\/index.php\/wp-json\/wp\/v2\/posts\/5530","targetHints":{"allow":["GET"]}}],"collection":[{"href":"http:\/\/fundaciolluiscoromina.org\/index.php\/wp-json\/wp\/v2\/posts"}],"about":[{"href":"http:\/\/fundaciolluiscoromina.org\/index.php\/wp-json\/wp\/v2\/types\/post"}],"author":[{"embeddable":true,"href":"http:\/\/fundaciolluiscoromina.org\/index.php\/wp-json\/wp\/v2\/users\/2"}],"replies":[{"embeddable":true,"href":"http:\/\/fundaciolluiscoromina.org\/index.php\/wp-json\/wp\/v2\/comments?post=5530"}],"version-history":[{"count":0,"href":"http:\/\/fundaciolluiscoromina.org\/index.php\/wp-json\/wp\/v2\/posts\/5530\/revisions"}],"wp:attachment":[{"href":"http:\/\/fundaciolluiscoromina.org\/index.php\/wp-json\/wp\/v2\/media?parent=5530"}],"wp:term":[{"taxonomy":"category","embeddable":true,"href":"http:\/\/fundaciolluiscoromina.org\/index.php\/wp-json\/wp\/v2\/categories?post=5530"},{"taxonomy":"post_tag","embeddable":true,"href":"http:\/\/fundaciolluiscoromina.org\/index.php\/wp-json\/wp\/v2\/tags?post=5530"}],"curies":[{"name":"wp","href":"https:\/\/api.w.org\/{rel}","templated":true}]}}