{"id":5545,"date":"2021-12-30T11:42:18","date_gmt":"2021-12-30T10:42:18","guid":{"rendered":"http:\/\/www.fundaciolluiscoromina.org\/?p=5545"},"modified":"2021-12-30T11:42:18","modified_gmt":"2021-12-30T10:42:18","slug":"la-revista-cultural-bonart-comenca-una-nova-etapa","status":"publish","type":"post","link":"http:\/\/fundaciolluiscoromina.org\/index.php\/2021\/12\/30\/la-revista-cultural-bonart-comenca-una-nova-etapa\/","title":{"rendered":"La revista cultural Bonart comen\u00e7a una nova etapa"},"content":{"rendered":"<p>La revista cultural <em>Bonart<\/em>, amb seu a l\u2019edifici del Puntal de Banyoles de la Fundaci\u00f3 Llu\u00eds Coromina, es reinventa i comen\u00e7a una nova etapa, m\u00e9s centrada en el diari digital <a href=\"http:\/\/www.bonart.cat\" target=\"_blank\" rel=\"noopener\">www.bonart.cat<\/a> i la gestoria cultural.\u00a0 La revista, que fins a aquest any es publicava trimestralment en paper, tamb\u00e9 es transforma i a partir d\u2019ara presentar\u00e0 dos n\u00fameros a l\u2019any (al febrer i al setembre), amb dues portades que diferencien les dues parts de la nova publicaci\u00f3: el <em>Bonart<\/em> de sempre, que seguir\u00e0 parlant d\u2019art i cultura en totes les seves vessants, i el <em>Malart<\/em>, una nova faceta de la revista que vol ser \u00abm\u00e9s <em>canallesca\u00bb\u00a0<\/em>i servir-se de l\u2019humor i la s\u00e0tira per parlar d\u2019altres tem\u00e0tiques i punts de vista.<\/p>\n<p>Dirigida per Ricard Planas, la revista <em>Bonart<\/em> ha presentat el n\u00famero 194 aquest \u00faltim trimestre de 2021, el primer exemplar amb aquest nou disseny amb doble portada ideat pel prestigi\u00f3s grafista Pere Alvaro. Cal destacar que una de les dues portades d\u2019aquest nou n\u00famero ha comptat amb una imatge cedida per la Fundaci\u00f3 Llu\u00eds Coromina de l\u2019exposici\u00f3 <em>Eugenio Ampudia. Concert pel bioc\u00e8<\/em>, que a dia d\u2019avui es pot visitar a l\u2019Espai Isern Dalmau de Barcelona.<\/p>\n<p><a href=\"http:\/\/www.fundaciolluiscoromina.org\/wp-content\/uploads\/2021\/12\/Foto-revista.jpg\"><img loading=\"lazy\" decoding=\"async\" class=\"alignnone wp-image-5546 size-medium\" src=\"http:\/\/www.fundaciolluiscoromina.org\/wp-content\/uploads\/2021\/12\/Foto-revista-300x242.jpg\" alt=\"\" width=\"300\" height=\"242\" \/><\/a><\/p>\n<p>Podeu trobar m\u00e9s informaci\u00f3 d\u2019aquesta nova etapa i del nou exemplar de la revista <a href=\"https:\/\/www.bonart.cat\/ca\/n\/42890\/recomencem\" target=\"_blank\" rel=\"noopener\"><u>en aquest enlla\u00e7<\/u><\/a>. La nova publicaci\u00f3 tamb\u00e9 es pot adquirir en diversos punts de venda f\u00edsics o a la <a href=\"https:\/\/www.iquiosc.cat\/revistes\/bonart\" target=\"_blank\" rel=\"noopener\"><u>plataforma digital iQuiosc<\/u><\/a>.<\/p>\n","protected":false},"excerpt":{"rendered":"<p>La revista cultural Bonart, amb seu a l\u2019edifici del Puntal de Banyoles de la Fundaci\u00f3 Llu\u00eds Coromina, es reinventa i &#8230;<\/p>\n","protected":false},"author":2,"featured_media":5547,"comment_status":"open","ping_status":"open","sticky":false,"template":"","format":"standard","meta":{"footnotes":""},"categories":[9,12],"tags":[],"class_list":["post-5545","post","type-post","status-publish","format-standard","has-post-thumbnail","hentry","category-historic","category-publicacions"],"_links":{"self":[{"href":"http:\/\/fundaciolluiscoromina.org\/index.php\/wp-json\/wp\/v2\/posts\/5545","targetHints":{"allow":["GET"]}}],"collection":[{"href":"http:\/\/fundaciolluiscoromina.org\/index.php\/wp-json\/wp\/v2\/posts"}],"about":[{"href":"http:\/\/fundaciolluiscoromina.org\/index.php\/wp-json\/wp\/v2\/types\/post"}],"author":[{"embeddable":true,"href":"http:\/\/fundaciolluiscoromina.org\/index.php\/wp-json\/wp\/v2\/users\/2"}],"replies":[{"embeddable":true,"href":"http:\/\/fundaciolluiscoromina.org\/index.php\/wp-json\/wp\/v2\/comments?post=5545"}],"version-history":[{"count":0,"href":"http:\/\/fundaciolluiscoromina.org\/index.php\/wp-json\/wp\/v2\/posts\/5545\/revisions"}],"wp:attachment":[{"href":"http:\/\/fundaciolluiscoromina.org\/index.php\/wp-json\/wp\/v2\/media?parent=5545"}],"wp:term":[{"taxonomy":"category","embeddable":true,"href":"http:\/\/fundaciolluiscoromina.org\/index.php\/wp-json\/wp\/v2\/categories?post=5545"},{"taxonomy":"post_tag","embeddable":true,"href":"http:\/\/fundaciolluiscoromina.org\/index.php\/wp-json\/wp\/v2\/tags?post=5545"}],"curies":[{"name":"wp","href":"https:\/\/api.w.org\/{rel}","templated":true}]}}