{"id":5551,"date":"2022-01-14T11:23:55","date_gmt":"2022-01-14T10:23:55","guid":{"rendered":"http:\/\/www.fundaciolluiscoromina.org\/?p=5551"},"modified":"2022-01-14T11:23:55","modified_gmt":"2022-01-14T10:23:55","slug":"tino-soriano-presenta-lexposicio-girona-est-x-365-al-centre-civic-onyar","status":"publish","type":"post","link":"http:\/\/fundaciolluiscoromina.org\/index.php\/2022\/01\/14\/tino-soriano-presenta-lexposicio-girona-est-x-365-al-centre-civic-onyar\/","title":{"rendered":"El fot\u00f2graf Tino Soriano presenta l\u2019exposici\u00f3 &#8216;Girona Est x 365&#8217; al Centre C\u00edvic Onyar"},"content":{"rendered":"<p>El fot\u00f2graf Tino Soriano, vinculat a la Fundaci\u00f3 Llu\u00eds Coromina, presenta l\u2019exposici\u00f3 <em>Girona Est x 365<\/em>, un reportatge fotogr\u00e0fic promogut per la <a href=\"https:\/\/gironaest.cat\/\" target=\"_blank\" rel=\"noopener\">Fundaci\u00f3 Girona Est<\/a> que reflecteix l\u2019ess\u00e8ncia d&#8217;aquesta zona que engloba els cinc barris gironins de Vila-Roja, Mas Ramada, La Creueta, Sant Daniel i La Font de la P\u00f3lvora.\u00a0La inauguraci\u00f3 de la mostra tindr\u00e0 lloc el <strong>dimarts 18 de gener a les 19:30 h al Centre C\u00edvic Onyar de Girona<\/strong> i comptar\u00e0 amb la pres\u00e8ncia de Jaume Sanabras, president del patronat de la Fundaci\u00f3 Girona Est; N\u00faria Pi, regidora delegada de Drets Socials i Cooperaci\u00f3 de l\u2019Ajuntament de Girona; el fot\u00f2graf Tino Soriano i Ricard Planas, director de la revista Bonart i curador de l\u2019exposici\u00f3.<\/p>\n<p><a href=\"http:\/\/www.fundaciolluiscoromina.org\/wp-content\/uploads\/2022\/01\/Girona_est_invitacio.gif\"><img loading=\"lazy\" decoding=\"async\" class=\"alignnone wp-image-5552\" src=\"http:\/\/www.fundaciolluiscoromina.org\/wp-content\/uploads\/2022\/01\/Girona_est_invitacio-300x211.gif\" alt=\"\" width=\"330\" height=\"232\" \/><\/a><\/p>\n<p>&nbsp;<\/p>\n<p>L\u2019exposici\u00f3 <em>Girona Est x 365<\/em> \u00e9s una mostra de les imatges captades per la c\u00e0mera del reconegut fot\u00f2graf Tino Soriano, que durant m\u00e9s d\u2019un any ha elaborat un seguiment de la realitat del barri de Girona Est i ha plasmat l\u2019\u00e0nima i l\u2019ess\u00e8ncia d\u2019aquesta zona en un recull fotogr\u00e0fic exclusiu. La mostra ha estat possible gr\u00e0cies a l\u2019esponsoritzaci\u00f3 de la Fundaci\u00f3 Llu\u00eds Coromina i, despr\u00e9s del seu pas pel Centre C\u00edvic Onyar, anir\u00e0 itinerant pels diferents centres c\u00edvics de la ciutat de Girona.<\/p>\n","protected":false},"excerpt":{"rendered":"<p>El fot\u00f2graf Tino Soriano, vinculat a la Fundaci\u00f3 Llu\u00eds Coromina, presenta l\u2019exposici\u00f3 Girona Est x 365, un reportatge fotogr\u00e0fic promogut &#8230;<\/p>\n","protected":false},"author":2,"featured_media":5559,"comment_status":"open","ping_status":"open","sticky":false,"template":"","format":"standard","meta":{"footnotes":""},"categories":[14,15,10,9,12],"tags":[],"class_list":["post-5551","post","type-post","status-publish","format-standard","has-post-thumbnail","hentry","category-accions-culturals","category-accions-socials","category-activitats","category-historic","category-publicacions"],"_links":{"self":[{"href":"http:\/\/fundaciolluiscoromina.org\/index.php\/wp-json\/wp\/v2\/posts\/5551","targetHints":{"allow":["GET"]}}],"collection":[{"href":"http:\/\/fundaciolluiscoromina.org\/index.php\/wp-json\/wp\/v2\/posts"}],"about":[{"href":"http:\/\/fundaciolluiscoromina.org\/index.php\/wp-json\/wp\/v2\/types\/post"}],"author":[{"embeddable":true,"href":"http:\/\/fundaciolluiscoromina.org\/index.php\/wp-json\/wp\/v2\/users\/2"}],"replies":[{"embeddable":true,"href":"http:\/\/fundaciolluiscoromina.org\/index.php\/wp-json\/wp\/v2\/comments?post=5551"}],"version-history":[{"count":0,"href":"http:\/\/fundaciolluiscoromina.org\/index.php\/wp-json\/wp\/v2\/posts\/5551\/revisions"}],"wp:attachment":[{"href":"http:\/\/fundaciolluiscoromina.org\/index.php\/wp-json\/wp\/v2\/media?parent=5551"}],"wp:term":[{"taxonomy":"category","embeddable":true,"href":"http:\/\/fundaciolluiscoromina.org\/index.php\/wp-json\/wp\/v2\/categories?post=5551"},{"taxonomy":"post_tag","embeddable":true,"href":"http:\/\/fundaciolluiscoromina.org\/index.php\/wp-json\/wp\/v2\/tags?post=5551"}],"curies":[{"name":"wp","href":"https:\/\/api.w.org\/{rel}","templated":true}]}}