{"id":5560,"date":"2022-01-17T15:41:04","date_gmt":"2022-01-17T14:41:04","guid":{"rendered":"http:\/\/www.fundaciolluiscoromina.org\/?p=5560"},"modified":"2022-01-17T15:41:04","modified_gmt":"2022-01-17T14:41:04","slug":"la-fundacio-collabora-amb-la-recuperacio-de-lermita-de-sant-maurici-de-la-calc-porqueres","status":"publish","type":"post","link":"http:\/\/fundaciolluiscoromina.org\/index.php\/2022\/01\/17\/la-fundacio-collabora-amb-la-recuperacio-de-lermita-de-sant-maurici-de-la-calc-porqueres\/","title":{"rendered":"La Fundaci\u00f3 participa en la recuperaci\u00f3 de l\u2019ermita de Sant Maurici de la Cal\u00e7 de Porqueres"},"content":{"rendered":"<p>La Fundaci\u00f3 Llu\u00eds Coromina ha participat en la recuperaci\u00f3 de l\u2019ermita de Sant Maurici de la Cal\u00e7, situada al Pujarnol, al terme municipal de Porqueres. Aquest projecte ha estat impulsat pel Centre Excursionista de Banyoles, i ha tamb\u00e9 comptat amb el suport de la Diputaci\u00f3 de Girona, el Bisbat de Girona i l\u2019Ajuntament de Porqueres.<\/p>\n<p>Constru\u00efda l\u2019any 1017, l\u2019ermita disposa d\u2019una galeria de finestres al llarg dels dos costats del mur i l\u2019absis singular. Els \u00faltims anys, l\u2019edificaci\u00f3 havia quedat abandonada i presentava diferents problemes estructurals que podrien haver acabat amb l\u2019esfondrament de la coberta. Gr\u00e0cies a una inversi\u00f3 de 10.000\u20ac per part de la Diputaci\u00f3 de Girona, i tamb\u00e9 a la col\u00b7laboraci\u00f3 de la Fundaci\u00f3 Llu\u00eds Coromina, s\u2019han pogut dur a terme les obres de recuperaci\u00f3, que han consistit en el canvi de la cobertura i la reparaci\u00f3 de paraments de l\u2019ermita.<\/p>\n<p><a href=\"http:\/\/www.fundaciolluiscoromina.org\/wp-content\/uploads\/2022\/01\/414f5aa9-e700-47d5-9865-d53b9a710b48.jpg\"><img loading=\"lazy\" decoding=\"async\" class=\"alignnone size-medium wp-image-5561\" src=\"http:\/\/www.fundaciolluiscoromina.org\/wp-content\/uploads\/2022\/01\/414f5aa9-e700-47d5-9865-d53b9a710b48-225x300.jpg\" alt=\"\" width=\"225\" height=\"300\" \/><\/a><\/p>\n<p>Paral\u00b7lelament a la seva reforma, que ha perm\u00e8s recuperar un edifici rom\u00e0nic hist\u00f2ric i que forma part del patrimoni de la comarca, el passat 18 de setembre de 2021 el Centre Excursionista de Banyoles tamb\u00e9 va recuperar l\u2019aplec tradicional que s\u2019hi celebrava i que aplegava gent de tota la comarca.<\/p>\n<p>&nbsp;<\/p>\n","protected":false},"excerpt":{"rendered":"<p>La Fundaci\u00f3 Llu\u00eds Coromina ha participat en la recuperaci\u00f3 de l\u2019ermita de Sant Maurici de la Cal\u00e7, situada al Pujarnol, &#8230;<\/p>\n","protected":false},"author":2,"featured_media":5562,"comment_status":"open","ping_status":"open","sticky":false,"template":"","format":"standard","meta":{"footnotes":""},"categories":[14,15,9],"tags":[],"class_list":["post-5560","post","type-post","status-publish","format-standard","has-post-thumbnail","hentry","category-accions-culturals","category-accions-socials","category-historic"],"_links":{"self":[{"href":"http:\/\/fundaciolluiscoromina.org\/index.php\/wp-json\/wp\/v2\/posts\/5560","targetHints":{"allow":["GET"]}}],"collection":[{"href":"http:\/\/fundaciolluiscoromina.org\/index.php\/wp-json\/wp\/v2\/posts"}],"about":[{"href":"http:\/\/fundaciolluiscoromina.org\/index.php\/wp-json\/wp\/v2\/types\/post"}],"author":[{"embeddable":true,"href":"http:\/\/fundaciolluiscoromina.org\/index.php\/wp-json\/wp\/v2\/users\/2"}],"replies":[{"embeddable":true,"href":"http:\/\/fundaciolluiscoromina.org\/index.php\/wp-json\/wp\/v2\/comments?post=5560"}],"version-history":[{"count":0,"href":"http:\/\/fundaciolluiscoromina.org\/index.php\/wp-json\/wp\/v2\/posts\/5560\/revisions"}],"wp:attachment":[{"href":"http:\/\/fundaciolluiscoromina.org\/index.php\/wp-json\/wp\/v2\/media?parent=5560"}],"wp:term":[{"taxonomy":"category","embeddable":true,"href":"http:\/\/fundaciolluiscoromina.org\/index.php\/wp-json\/wp\/v2\/categories?post=5560"},{"taxonomy":"post_tag","embeddable":true,"href":"http:\/\/fundaciolluiscoromina.org\/index.php\/wp-json\/wp\/v2\/tags?post=5560"}],"curies":[{"name":"wp","href":"https:\/\/api.w.org\/{rel}","templated":true}]}}