{"id":5567,"date":"2022-01-24T12:34:44","date_gmt":"2022-01-24T11:34:44","guid":{"rendered":"http:\/\/www.fundaciolluiscoromina.org\/?p=5567"},"modified":"2022-01-24T12:34:44","modified_gmt":"2022-01-24T11:34:44","slug":"collaboracio-amb-el-llibre-pedres-i-mes-pedres-de-joan-anton-abellan","status":"publish","type":"post","link":"http:\/\/fundaciolluiscoromina.org\/index.php\/2022\/01\/24\/collaboracio-amb-el-llibre-pedres-i-mes-pedres-de-joan-anton-abellan\/","title":{"rendered":"Col\u00b7laboraci\u00f3 amb el llibre \u2018Pedres i m\u00e9s pedres\u2019 de Joan Anton Abell\u00e1n"},"content":{"rendered":"<p>La Fundaci\u00f3 Llu\u00eds Coromina ha col\u00b7laborat amb la nova publicaci\u00f3 de l\u2019historiador Joan Anton Abell\u00e1n amb l\u2019adquisici\u00f3 de diversos exemplars<em>. <\/em>El llibre <em>Pedres i m\u00e9s pedres. Inventari de les construccions religioses del Pla de l\u2019Estany<\/em>, que es va presentar oficialment el passat 4 de desembre a la parr\u00f2quia de Santa Maria dels Turers de Banyoles, forma part de la col\u00b7lecci\u00f3 <em>Llegat patrimonial del Pla de l\u2019Estany<\/em> de MMV edicions.<\/p>\n<p><em>Pedres i m\u00e9s pedres. Inventari de les construccions religioses del Pla de l\u2019Estany<\/em> \u00e9s una guia de totes les construccions religioses que es poden trobar a la comarca. Des de la fundaci\u00f3 del Monestir de Sant Esteve a Banyoles l\u2019any 812, diverses ordes religioses han trepitjat la zona construint nombroses edificacions destinades a aixoplugar fidels com esgl\u00e9sies i ermites, a m\u00e9s de construccions m\u00e9s petites com oratoris o creus de terme.<\/p>\n<p>A m\u00e9s de la Fundaci\u00f3 Llu\u00eds Coromina, el llibre tamb\u00e9 ha comptat amb la col\u00b7laboraci\u00f3 de la Diputaci\u00f3 de Girona, l\u2019Ajuntament de Banyoles, l\u2019Institut Catal\u00e0 de Recerca en Patrimoni Cultural i les Parr\u00f2quies de l\u2019Arxiprestat de Banyoles.<\/p>\n<p>&nbsp;<\/p>\n<p><strong>Joan Anton Abell\u00e1n, historiador i dirigent esportiu<\/strong><\/p>\n<p>Polifac\u00e8tic i plenament comprom\u00e8s amb la ciutat de Banyoles i la seva gent, Abell\u00e1n \u00e9s un historiador i dirigent esportiu que ha estat gerent del Consorci Esportiu de l\u2019Estany de Banyoles i Vicepresident de la Federaci\u00f3 Catalana de Rem, entre altres. En la seva faceta d\u2019escriptor, ha publicat nombroses obres hist\u00f2riques, aix\u00ed com esportives, com els dos volums de <em>Els goigs del Pla de l\u2019Estany, el Collell i Rocacorba <\/em>(Centre d\u2019Estudis Comarcals de Banyoles, 2001 i 2003) o <em>La hist\u00f2ria de l\u2019esport a Banyoles fins als JJOO \u201992 <\/em>(MMV Edicions, 2017).<\/p>\n","protected":false},"excerpt":{"rendered":"<p>La Fundaci\u00f3 Llu\u00eds Coromina ha col\u00b7laborat amb la nova publicaci\u00f3 de l\u2019historiador Joan Anton Abell\u00e1n amb l\u2019adquisici\u00f3 de diversos exemplars. &#8230;<\/p>\n","protected":false},"author":2,"featured_media":5568,"comment_status":"open","ping_status":"open","sticky":false,"template":"","format":"standard","meta":{"footnotes":""},"categories":[14,9,12],"tags":[],"class_list":["post-5567","post","type-post","status-publish","format-standard","has-post-thumbnail","hentry","category-accions-culturals","category-historic","category-publicacions"],"_links":{"self":[{"href":"http:\/\/fundaciolluiscoromina.org\/index.php\/wp-json\/wp\/v2\/posts\/5567","targetHints":{"allow":["GET"]}}],"collection":[{"href":"http:\/\/fundaciolluiscoromina.org\/index.php\/wp-json\/wp\/v2\/posts"}],"about":[{"href":"http:\/\/fundaciolluiscoromina.org\/index.php\/wp-json\/wp\/v2\/types\/post"}],"author":[{"embeddable":true,"href":"http:\/\/fundaciolluiscoromina.org\/index.php\/wp-json\/wp\/v2\/users\/2"}],"replies":[{"embeddable":true,"href":"http:\/\/fundaciolluiscoromina.org\/index.php\/wp-json\/wp\/v2\/comments?post=5567"}],"version-history":[{"count":0,"href":"http:\/\/fundaciolluiscoromina.org\/index.php\/wp-json\/wp\/v2\/posts\/5567\/revisions"}],"wp:attachment":[{"href":"http:\/\/fundaciolluiscoromina.org\/index.php\/wp-json\/wp\/v2\/media?parent=5567"}],"wp:term":[{"taxonomy":"category","embeddable":true,"href":"http:\/\/fundaciolluiscoromina.org\/index.php\/wp-json\/wp\/v2\/categories?post=5567"},{"taxonomy":"post_tag","embeddable":true,"href":"http:\/\/fundaciolluiscoromina.org\/index.php\/wp-json\/wp\/v2\/tags?post=5567"}],"curies":[{"name":"wp","href":"https:\/\/api.w.org\/{rel}","templated":true}]}}