{"id":5581,"date":"2022-02-03T09:58:05","date_gmt":"2022-02-03T08:58:05","guid":{"rendered":"http:\/\/www.fundaciolluiscoromina.org\/?p=5581"},"modified":"2022-02-03T09:58:05","modified_gmt":"2022-02-03T08:58:05","slug":"59e-concurs-internacional-de-dibuix-de-la-fundacio-ynglada-guillot","status":"publish","type":"post","link":"http:\/\/fundaciolluiscoromina.org\/index.php\/2022\/02\/03\/59e-concurs-internacional-de-dibuix-de-la-fundacio-ynglada-guillot\/","title":{"rendered":"59\u00e8 Concurs Internacional de Dibuix de la Fundaci\u00f3 Ynglada-Guillot"},"content":{"rendered":"<p>La Fundaci\u00f3 Ynglada-Guillot convoca la 59a edici\u00f3 del Concurs Internacional de Dibuix, amb la col\u00b7laboraci\u00f3 de la Fundaci\u00f3 Llu\u00eds Coromina, la Fundaci\u00f3 Vila Casas i el diari digital d\u2019art Bonart. La convocat\u00f2ria est\u00e0 oberta a artistes nacionals i internacionals i l\u2019entrega de les obres dels participants tindr\u00e0 lloc entre l\u20191 i el 30 d\u2019abril de 2022. Les bases es poden consultar <a href=\"http:\/\/www.fundaciolluiscoromina.org\/wp-content\/uploads\/2022\/02\/Bases-Concurs-Dibuix-2022-CAT.pdf\" target=\"_blank\" rel=\"noopener\"><strong>en aquest enlla\u00e7<\/strong><\/a>.<\/p>\n<p><a href=\"http:\/\/www.fundaciolluiscoromina.org\/wp-content\/uploads\/2022\/02\/Bases-Concurs-Dibuix-2022-CAT.pdf\" target=\"_blank\" rel=\"noopener\"><img loading=\"lazy\" decoding=\"async\" class=\"alignnone size-medium wp-image-5582\" src=\"http:\/\/www.fundaciolluiscoromina.org\/wp-content\/uploads\/2022\/02\/Foto-titol-300x264.jpg\" alt=\"\" width=\"300\" height=\"264\" \/><\/a><\/p>\n<p>El concurs Internacional de Dibuix de la Fundaci\u00f3 Ynglada-Guillot atorga un premi indivisible de 4.000 \u20ac per l\u2019artista guanyador\/a, a m\u00e9s de destinar l\u2019obra al museu de la Reial Acad\u00e8mia Catalana de Belles Arts de Sant Jordi. Un any m\u00e9s, la Fundaci\u00f3 Llu\u00eds Coromina col\u00b7labora amb aquesta proposta i cedir\u00e0 l\u2019Espai Isern Dalmau per dur a terme l\u2019exposici\u00f3 de les obres seleccionades pel concurs del 30 de juny al 30 de juliol de 2022.<\/p>\n<p>Els artistes que participin podran presentar nom\u00e9s una obra en blanc i negre original i realitzada exclusivament per al concurs, \u00e9s a dir, una obra que no hagi estat presentada anteriorment en altres concursos o exposicions. Els dibuixos dels concursants poden estar fets amb llapis, carbonet, tinta xinesa, estilogr\u00e0fica o tinta corrent, sempre amb exclusi\u00f3 de qualsevol coloraci\u00f3.<\/p>\n<p>El jurat d\u2019aquesta 59a edici\u00f3 del concurs estar\u00e0 integrat per cinc persones: un membre de la Fundaci\u00f3 Ynglada-Guillot, que actuar\u00e0 com a president; un membre de cadascuna de les dues fundacions col\u00b7laboradores (Fundaci\u00f3 Llu\u00eds Coromina i Fundaci\u00f3 Vila Casas), i dos cr\u00edtics d\u2019art o acad\u00e8mics de belles arts.<\/p>\n<p>&nbsp;<\/p>\n<p><strong>Fundaci\u00f3 Ynglada-Guillot<\/strong><\/p>\n<p>La Fundaci\u00f3 Ynglada-Guillot es va fundar l\u2019any 1959, seguint la voluntat de Pere Ynglada Sallent, vidu de la senyora Goergette Guillot Plinois. Actualment es troba ubicada a la seu de la Reial Acad\u00e8mia Catalana de Belles Arts de Sant Jordi, juntament amb la Fundaci\u00f3 G\u00fcell.<\/p>\n<p>El Concurs de Dibuix es va celebrar per primera vegada el mateix any 1959, i des de llavors s\u2019ha realitzat anualment. Fins l\u2019any 1984, l\u2019exposici\u00f3 de les obres seleccionades es duia a terme al Palau de la Virreina i tots els dibuixos guanyadors van passar a formar part del Museu Nacional d\u2019Art de Catalunya. Despr\u00e9s de tres anys de conflictes interns a la fundaci\u00f3, l\u2019any 1989 la Reial Acad\u00e8mia Catalana de Belles Arts de Sant Jordi va acollir la Fundaci\u00f3 Ynglada-Guillot i va impulsar de nou el Concurs Internacional de Dibuix. Des de llavors, la convocat\u00f2ria d\u2019aquest premi s\u2019ha mantingut viva gr\u00e0cies a la col\u00b7laboraci\u00f3 d\u2019actors externs com la Fundaci\u00f3 \u201cLa Caixa\u201d, la Reial Acad\u00e8mia de Bones Lletres de Barcelona, el Departament de Cultura de la Generalitat de Catalunya, la Fundaci\u00f3 Vila Casas o la Fundaci\u00f3 Llu\u00eds Coromina.<\/p>\n","protected":false},"excerpt":{"rendered":"<p>La Fundaci\u00f3 Ynglada-Guillot convoca la 59a edici\u00f3 del Concurs Internacional de Dibuix, amb la col\u00b7laboraci\u00f3 de la Fundaci\u00f3 Llu\u00eds Coromina, &#8230;<\/p>\n","protected":false},"author":2,"featured_media":5583,"comment_status":"open","ping_status":"open","sticky":false,"template":"","format":"standard","meta":{"footnotes":""},"categories":[14,9,12],"tags":[],"class_list":["post-5581","post","type-post","status-publish","format-standard","has-post-thumbnail","hentry","category-accions-culturals","category-historic","category-publicacions"],"_links":{"self":[{"href":"http:\/\/fundaciolluiscoromina.org\/index.php\/wp-json\/wp\/v2\/posts\/5581","targetHints":{"allow":["GET"]}}],"collection":[{"href":"http:\/\/fundaciolluiscoromina.org\/index.php\/wp-json\/wp\/v2\/posts"}],"about":[{"href":"http:\/\/fundaciolluiscoromina.org\/index.php\/wp-json\/wp\/v2\/types\/post"}],"author":[{"embeddable":true,"href":"http:\/\/fundaciolluiscoromina.org\/index.php\/wp-json\/wp\/v2\/users\/2"}],"replies":[{"embeddable":true,"href":"http:\/\/fundaciolluiscoromina.org\/index.php\/wp-json\/wp\/v2\/comments?post=5581"}],"version-history":[{"count":0,"href":"http:\/\/fundaciolluiscoromina.org\/index.php\/wp-json\/wp\/v2\/posts\/5581\/revisions"}],"wp:attachment":[{"href":"http:\/\/fundaciolluiscoromina.org\/index.php\/wp-json\/wp\/v2\/media?parent=5581"}],"wp:term":[{"taxonomy":"category","embeddable":true,"href":"http:\/\/fundaciolluiscoromina.org\/index.php\/wp-json\/wp\/v2\/categories?post=5581"},{"taxonomy":"post_tag","embeddable":true,"href":"http:\/\/fundaciolluiscoromina.org\/index.php\/wp-json\/wp\/v2\/tags?post=5581"}],"curies":[{"name":"wp","href":"https:\/\/api.w.org\/{rel}","templated":true}]}}