{"id":5596,"date":"2022-02-17T14:07:10","date_gmt":"2022-02-17T13:07:10","guid":{"rendered":"http:\/\/www.fundaciolluiscoromina.org\/?p=5596"},"modified":"2022-02-17T14:07:10","modified_gmt":"2022-02-17T13:07:10","slug":"la-fundacio-lluis-coromina-a-mexic","status":"publish","type":"post","link":"http:\/\/fundaciolluiscoromina.org\/index.php\/2022\/02\/17\/la-fundacio-lluis-coromina-a-mexic\/","title":{"rendered":"La Fundaci\u00f3 Llu\u00eds Coromina, a M\u00e8xic"},"content":{"rendered":"<div class=\"\">La Fundaci\u00f3 Lluis Coromina, amb la representaci\u00f3 del seu president Llu\u00eds Coromina, visita aquests dies els membres de <em>La caravana de Sof\u00eda<\/em> a\u00a0M\u00e8xic, una iniciativa itinerant que des de fa temps compta amb el suport de la Fundaci\u00f3 en\u00a0l&#8217;\u00e0mbit de la cooperaci\u00f3 internacional.<\/div>\n<div><\/div>\n<div class=\"\">El president est\u00e0 realitzant diverses visites als pobles ind\u00edgenes del territori mexic\u00e0, amb l&#8217;objectiu de con\u00e8ixer de primera m\u00e0 les tasques que realitza aquesta iniciativa en relaci\u00f3 amb les addiccions infantils i l&#8217;educaci\u00f3 dels infants. Entre altres formes de suport i col\u00b7laboraci\u00f3, la Fundaci\u00f3 tamb\u00e9 ha aprofitat aquest viatge per realitzar una petita primera aportaci\u00f3 a nivell tecnol\u00f2gic, i ha facilitat un ordinador port\u00e0til i un tel\u00e8fon m\u00f2bil al projecte\u00a0per ajudar a agilitzar i millorar la seva feina.<\/div>\n<div><\/div>\n<div>Podeu con\u00e8ixer una mica m\u00e9s sobre <em>La caravana de Sof\u00eda<\/em> i el paper de la Fundaci\u00f3 <a href=\"http:\/\/www.fundaciolluiscoromina.org\/la-caravana-de-sofia-un-projecte-de-cooperacio-internacional-a-mexic\/\">en aquest enlla\u00e7<\/a>.<\/div>\n","protected":false},"excerpt":{"rendered":"<p>La Fundaci\u00f3 Lluis Coromina, amb la representaci\u00f3 del seu president Llu\u00eds Coromina, visita aquests dies els membres de La caravana &#8230;<\/p>\n","protected":false},"author":2,"featured_media":5597,"comment_status":"open","ping_status":"open","sticky":false,"template":"","format":"standard","meta":{"footnotes":""},"categories":[14,15,10,9,12],"tags":[],"class_list":["post-5596","post","type-post","status-publish","format-standard","has-post-thumbnail","hentry","category-accions-culturals","category-accions-socials","category-activitats","category-historic","category-publicacions"],"_links":{"self":[{"href":"http:\/\/fundaciolluiscoromina.org\/index.php\/wp-json\/wp\/v2\/posts\/5596","targetHints":{"allow":["GET"]}}],"collection":[{"href":"http:\/\/fundaciolluiscoromina.org\/index.php\/wp-json\/wp\/v2\/posts"}],"about":[{"href":"http:\/\/fundaciolluiscoromina.org\/index.php\/wp-json\/wp\/v2\/types\/post"}],"author":[{"embeddable":true,"href":"http:\/\/fundaciolluiscoromina.org\/index.php\/wp-json\/wp\/v2\/users\/2"}],"replies":[{"embeddable":true,"href":"http:\/\/fundaciolluiscoromina.org\/index.php\/wp-json\/wp\/v2\/comments?post=5596"}],"version-history":[{"count":0,"href":"http:\/\/fundaciolluiscoromina.org\/index.php\/wp-json\/wp\/v2\/posts\/5596\/revisions"}],"wp:attachment":[{"href":"http:\/\/fundaciolluiscoromina.org\/index.php\/wp-json\/wp\/v2\/media?parent=5596"}],"wp:term":[{"taxonomy":"category","embeddable":true,"href":"http:\/\/fundaciolluiscoromina.org\/index.php\/wp-json\/wp\/v2\/categories?post=5596"},{"taxonomy":"post_tag","embeddable":true,"href":"http:\/\/fundaciolluiscoromina.org\/index.php\/wp-json\/wp\/v2\/tags?post=5596"}],"curies":[{"name":"wp","href":"https:\/\/api.w.org\/{rel}","templated":true}]}}