{"id":5601,"date":"2022-02-25T10:08:35","date_gmt":"2022-02-25T09:08:35","guid":{"rendered":"http:\/\/www.fundaciolluiscoromina.org\/?p=5601"},"modified":"2022-02-25T10:08:35","modified_gmt":"2022-02-25T09:08:35","slug":"la-banyolina-pilar-codony-guanyadora-del-premi-documenta-a-lespai-eat-art","status":"publish","type":"post","link":"http:\/\/fundaciolluiscoromina.org\/index.php\/2022\/02\/25\/la-banyolina-pilar-codony-guanyadora-del-premi-documenta-a-lespai-eat-art\/","title":{"rendered":"La banyolina Pilar Codony, guanyadora del premi Documenta, a l\u2019Espai Eat Art"},"content":{"rendered":"<p>L\u2019Espai Eat Art de la Fundaci\u00f3 Llu\u00eds Coromina acull la presentaci\u00f3 del llibre <em>Dist\u00f2cia<\/em> (L\u2019Altra Editorial) de la banyolina Pilar Codony, guanyadora del Premi Documenta 2021, atorgat per la llibreria d\u2019humanitats Documenta de Barcelona. Organitzada per la llibreria l\u2019Altell de Banyoles, l\u2019activitat tindr\u00e0 lloc el pr\u00f2xim dimarts 1 de mar\u00e7 a les 19:30 h a l\u2019Espai Eat Art, i comptar\u00e0 amb la participaci\u00f3 de l\u2019autora i de l\u2019editora, Eug\u00e8nia Broggi. L&#8217;aforament \u00e9s limitat i es pot reservar pla\u00e7a <a href=\"https:\/\/www.laltell.cat\/producto\/fichaevento?identificador=265419\" target=\"_blank\" rel=\"noopener\">en aquest enlla\u00e7<\/a>.<\/p>\n<p><a href=\"https:\/\/www.laltell.cat\/event\/546\/en-viu-i-en-directe-amb-pilar-codony\" target=\"_blank\" rel=\"noopener\"><img loading=\"lazy\" decoding=\"async\" class=\"alignnone  wp-image-5604\" src=\"http:\/\/www.fundaciolluiscoromina.org\/wp-content\/uploads\/2022\/02\/DISTOCIA-212x300.jpg\" alt=\"\" width=\"248\" height=\"351\" \/><\/a><\/p>\n<p>Tal i com expliquen els membres del jurat del Premi Documenta 2021, \u201c<em>Dist\u00f2cia <\/em>destaca pel ventall de personatges complexos i viv\u00edssims que presenta, per la mirada \u00edntima i valenta sobre l\u2019avortament i la maternitat, per la representaci\u00f3 del dia a dia en una granja de vaques i ovelles i d\u2019un m\u00f3n rural molt arran de terra\u201d. Un llibre que fuig dels populismes literaris i que d\u00f3na lloc a un relat aut\u00e8ntic, \u00e0gil i genu\u00ed, redactat amb una llengua entenedora i natural, \u201clluny d\u2019artificis i pirot\u00e8cnies embafadores\u201d.<\/p>\n<p>L\u2019escriptora banyolina Pilar Codony tamb\u00e9 \u00e9s veterin\u00e0ria d\u2019animals de granja, sobretot de vedells, fet que queda pal\u00e8s en la seva obra i la seva forma d\u2019escriure. Actualment viu en un poble del Pla de l\u2019Estany, en un mas on comparteix l\u2019espai rodejada d\u2019animals i llibres.<\/p>\n<pre><em>Imatge: L'Altra Editorial<\/em><\/pre>\n","protected":false},"excerpt":{"rendered":"<p>L\u2019Espai Eat Art de la Fundaci\u00f3 Llu\u00eds Coromina acull la presentaci\u00f3 del llibre Dist\u00f2cia (L\u2019Altra Editorial) de la banyolina Pilar &#8230;<\/p>\n","protected":false},"author":2,"featured_media":5602,"comment_status":"open","ping_status":"open","sticky":false,"template":"","format":"standard","meta":{"footnotes":""},"categories":[10],"tags":[],"class_list":["post-5601","post","type-post","status-publish","format-standard","has-post-thumbnail","hentry","category-activitats"],"_links":{"self":[{"href":"http:\/\/fundaciolluiscoromina.org\/index.php\/wp-json\/wp\/v2\/posts\/5601","targetHints":{"allow":["GET"]}}],"collection":[{"href":"http:\/\/fundaciolluiscoromina.org\/index.php\/wp-json\/wp\/v2\/posts"}],"about":[{"href":"http:\/\/fundaciolluiscoromina.org\/index.php\/wp-json\/wp\/v2\/types\/post"}],"author":[{"embeddable":true,"href":"http:\/\/fundaciolluiscoromina.org\/index.php\/wp-json\/wp\/v2\/users\/2"}],"replies":[{"embeddable":true,"href":"http:\/\/fundaciolluiscoromina.org\/index.php\/wp-json\/wp\/v2\/comments?post=5601"}],"version-history":[{"count":0,"href":"http:\/\/fundaciolluiscoromina.org\/index.php\/wp-json\/wp\/v2\/posts\/5601\/revisions"}],"wp:attachment":[{"href":"http:\/\/fundaciolluiscoromina.org\/index.php\/wp-json\/wp\/v2\/media?parent=5601"}],"wp:term":[{"taxonomy":"category","embeddable":true,"href":"http:\/\/fundaciolluiscoromina.org\/index.php\/wp-json\/wp\/v2\/categories?post=5601"},{"taxonomy":"post_tag","embeddable":true,"href":"http:\/\/fundaciolluiscoromina.org\/index.php\/wp-json\/wp\/v2\/tags?post=5601"}],"curies":[{"name":"wp","href":"https:\/\/api.w.org\/{rel}","templated":true}]}}