{"id":5608,"date":"2022-03-01T09:25:05","date_gmt":"2022-03-01T08:25:05","guid":{"rendered":"http:\/\/www.fundaciolluiscoromina.org\/?p=5608"},"modified":"2022-03-01T09:25:05","modified_gmt":"2022-03-01T08:25:05","slug":"nova-linia-de-collaboracio-amb-el-projecte-circ-cric","status":"publish","type":"post","link":"http:\/\/fundaciolluiscoromina.org\/index.php\/2022\/03\/01\/nova-linia-de-collaboracio-amb-el-projecte-circ-cric\/","title":{"rendered":"Nova l\u00ednia de col\u00b7laboraci\u00f3 amb el projecte Circ Cric"},"content":{"rendered":"<p>La Fundaci\u00f3 Llu\u00eds Coromina ha establert una l\u00ednia de col\u00b7laboraci\u00f3 amb el projecte Circ Cric, que es veur\u00e0 reflectida en diversos \u00e0mbits. En primer lloc, un dels principals objectius ser\u00e0 potenciar les activitats vinculades amb les arts visuals i vetllar per la seva continu\u00eftat. Aquest suport tamb\u00e9 permetr\u00e0 desenvolupar una l\u00ednia de treball que refor\u00e7ar\u00e0 la relaci\u00f3 que el Circ Cric ja t\u00e9 amb diverses entitats i persones amb altres capacitats. Aix\u00ed mateix, la Fundaci\u00f3 Llu\u00eds Coromina ha col\u00b7laborat amb la cessi\u00f3 i el muntatge d&#8217;una carpa permanent a les instal\u00b7lacions del circ, situades a Sant Esteve de Palautordera.<\/p>\n<p>La companyia fundada per Tortell Poltrona es consolida amb el seu objectiu de vetllar per les arts esc\u00e8niques vinculades a la natura i preservar-ne la seva continu\u00eftat, aix\u00ed com garantir el funcionament d\u2019altres branques com la resid\u00e8ncia d\u2019artistes, els projectes no lucratius o la creaci\u00f3 art\u00edstica. Aix\u00ed mateix, el projecte treballa en la preparaci\u00f3 de la dotzena edici\u00f3 del Festival Circ Cric i d\u2019altres propostes de proximitat, que tindran lloc entre els mesos d\u2019abril i juny de 2022.<\/p>\n<p>El Circ Cric \u00e9s un projecte amb voluntat de servei p\u00fablic que compta amb la col\u00b7laboraci\u00f3 de diverses persones, administracions i entitats vinculades al m\u00f3n art\u00edstic i cultural de Catalunya, entre elles la Fundaci\u00f3 Llu\u00eds Coromina, que donar\u00e0 suport als nous projectes.<\/p>\n<p>&nbsp;<\/p>\n<p><strong>Companyia Circ Cric<\/strong><\/p>\n<p>El Circ Cric \u00e9s una companyia de circ fundada l&#8217;any 1981 per Jaume Mateu, conegut amb el nom de Tortell Poltrona. Va comen\u00e7ar les seves activitats dins d\u2019una carpa de circ \u00a0al Parc de l&#8217;Escorxador de Barcelona, una iniciativa que fou molt ben rebuda per part d&#8217;artistes com Joan Mir\u00f3, Joan Brossa o Charlie Rivel. A causa de diverses dificultats econ\u00f2miques la companyia es va dissoldre el 1983 i, deu anys despr\u00e9s, Poltrona va crear l\u2019organitzaci\u00f3 Pallassos Sense Fronteres. Aix\u00ed mateix, l\u2019any 1993, el fundador del Circ Cric va crear juntament amb Montserrat Trias el CRAC (Centre de Recerca de les Arts del Circ), un espai fix Sant Esteve de Palautordera (Vall\u00e8s Oriental). Finalment, l\u2019any 2002 es va refundar la companyia de circ itinerant Circ Cric amb el suport de l&#8217;Institut Catal\u00e0 de les Ind\u00fastries Culturals de la Generalitat.<\/p>\n<p>En aquests moments el Circ Cric est\u00e0 instal\u00b7lat de forma estable a Sant Esteve de Palautordera, on ha trobat un marc incomparable per acollir un projecte esc\u00e8nic en harmonia amb la natura. D\u2019aquesta forma, el projecte est\u00e0 creant una xarxa cultural autogestionada amb solv\u00e8ncia art\u00edstica i cultural, aix\u00ed com una proposta art\u00edstica basada en la suma i combinaci\u00f3 de totes les arts esc\u00e8niques. Un circ que desafia amb sensibilitat i comicitat l&#8217;etern repte hum\u00e0 de l&#8217;equilibri, la gravetat i el sentit com\u00fa. Una proposta d\u2019espectacle contemporani, ple de recerca i poesia esc\u00e8nica, que captiva a grans i petits des del seus inicis.<\/p>\n<p>El Circ Cric ha obtingut nombrosos reconeixements, entre ells el Premi Nacional de Circ concedit per la Generalitat de Catalunya l\u2019any 2005.<\/p>\n","protected":false},"excerpt":{"rendered":"<p>La Fundaci\u00f3 Llu\u00eds Coromina ha establert una l\u00ednia de col\u00b7laboraci\u00f3 amb el projecte Circ Cric, que es veur\u00e0 reflectida en &#8230;<\/p>\n","protected":false},"author":2,"featured_media":5609,"comment_status":"open","ping_status":"open","sticky":false,"template":"","format":"standard","meta":{"footnotes":""},"categories":[14,15,10,9,12],"tags":[],"class_list":["post-5608","post","type-post","status-publish","format-standard","has-post-thumbnail","hentry","category-accions-culturals","category-accions-socials","category-activitats","category-historic","category-publicacions"],"_links":{"self":[{"href":"http:\/\/fundaciolluiscoromina.org\/index.php\/wp-json\/wp\/v2\/posts\/5608","targetHints":{"allow":["GET"]}}],"collection":[{"href":"http:\/\/fundaciolluiscoromina.org\/index.php\/wp-json\/wp\/v2\/posts"}],"about":[{"href":"http:\/\/fundaciolluiscoromina.org\/index.php\/wp-json\/wp\/v2\/types\/post"}],"author":[{"embeddable":true,"href":"http:\/\/fundaciolluiscoromina.org\/index.php\/wp-json\/wp\/v2\/users\/2"}],"replies":[{"embeddable":true,"href":"http:\/\/fundaciolluiscoromina.org\/index.php\/wp-json\/wp\/v2\/comments?post=5608"}],"version-history":[{"count":0,"href":"http:\/\/fundaciolluiscoromina.org\/index.php\/wp-json\/wp\/v2\/posts\/5608\/revisions"}],"wp:attachment":[{"href":"http:\/\/fundaciolluiscoromina.org\/index.php\/wp-json\/wp\/v2\/media?parent=5608"}],"wp:term":[{"taxonomy":"category","embeddable":true,"href":"http:\/\/fundaciolluiscoromina.org\/index.php\/wp-json\/wp\/v2\/categories?post=5608"},{"taxonomy":"post_tag","embeddable":true,"href":"http:\/\/fundaciolluiscoromina.org\/index.php\/wp-json\/wp\/v2\/tags?post=5608"}],"curies":[{"name":"wp","href":"https:\/\/api.w.org\/{rel}","templated":true}]}}