{"id":5611,"date":"2022-03-07T13:43:02","date_gmt":"2022-03-07T12:43:02","guid":{"rendered":"http:\/\/www.fundaciolluiscoromina.org\/?p=5611"},"modified":"2022-03-07T13:43:02","modified_gmt":"2022-03-07T12:43:02","slug":"lexposicio-una-casa-per-a-walter-benjamin-a-lespai-isern-dalmau","status":"publish","type":"post","link":"http:\/\/fundaciolluiscoromina.org\/index.php\/2022\/03\/07\/lexposicio-una-casa-per-a-walter-benjamin-a-lespai-isern-dalmau\/","title":{"rendered":"L\u2019exposici\u00f3 \u2018Una casa per a Walter Benjamin\u2019, a l\u2019Espai Isern Dalmau"},"content":{"rendered":"<p>La Fundaci\u00f3 Llu\u00eds Coromina acull l\u2019exposici\u00f3 <em>Una casa per a Walter Benjamin<\/em> a l\u2019Espai Isern Dalmau de Barcelona, una mostra que recull els materials, imatges i documents del projecte de restauraci\u00f3 de l\u2019edifici de l\u2019antic ajuntament de Portbou, que es convertir\u00e0 en un espai expositiu, bi\u00adblioteca i centre d\u2019estudis amb l\u2019objectiu de divulgar la figura del fil\u00f2sof Walter Benjamin (1890-1940) i el seu pas per\u00a0 la poblaci\u00f3 alt empordanesa. La inauguraci\u00f3 de l\u2019exposici\u00f3 tindr\u00e0 lloc el dijous 10 de mar\u00e7 a les 19 h i comptar\u00e0 amb la participaci\u00f3 de Joan Falgueras i Jordi Pigem, arquitectes creadors del projecte de rehabilitaci\u00f3; Pilar Parcerisas\u00a0i Ricard Planas,\u00a0comissaris de l\u2019exposici\u00f3;\u00a0Ricard Font,\u00a0secretari general del Departament de la Vicepresid\u00e8ncia i de Pol\u00edtiques Digitals i Territori de la Generalitat de Catalunya, i\u00a0l\u2019artista Manel Bayo.<\/p>\n<p>La Fundaci\u00f3 Angelas Novus i l\u2019Ajuntament de Portbou han impulsat la restauraci\u00f3 de l\u2019antic edifici del consistori del municipi per convertir-lo en la futura Casa Walter Benjamin. Un projecte que, m\u00e9s enll\u00e0 de rehabilitar l\u2019edifici, vol convertir-se en un centre d\u2019estudis i un espai cultural que tamb\u00e9 promocioni i divulgui la figura del fil\u00f2sof alemany, que va passar per Portbou abans de ser detingut a la frontera entre Catalunya i Fran\u00e7a. El nou projecte arquitect\u00f2nic, que es va presentar a finals de setembre de 2021 i ha estat elaborat pels arquitectes \u00adJoan Falgueras i Jordi Pigem, tamb\u00e9 comptar\u00e0 amb fotografies, documents, pel\u00b7l\u00edcules, \u00e0u\u00addios, obres d\u2019art i testimonis que ajudaran a entendre tant la figura de Walter Benjamin com el pas d\u2019altres intel\u00b7lectuals en exili per Portbou, com Alma Mahler, Heinrich Mann o Alfred D\u00f6blin. Aix\u00ed mateix, el nou edifici ser\u00e0 un espai que defensi i reivindiqui els valors \u00e8tics i la cultura de la pau en la societat actual, aix\u00ed com la mem\u00f2ria hist\u00f2rica, els valors democr\u00e0tics, els drets humans i el patrimoni hist\u00f2ric, cultural i paisatg\u00edstic del territori.<\/p>\n<p>L\u2019exposici\u00f3 <em>Una casa per a Walter Benjamin<\/em>\u00a0mostrar\u00e0 la maqueta i tots els detalls de la creaci\u00f3 de la Casa Walter Benjamin, aix\u00ed com altres materials i documents vinculats a aquest projecte que ha comptat amb el patrocini de Ferrocarrils de la Generalitat (FGC). Aix\u00ed mateix, la futura Casa Walter Benjamin tamb\u00e9 ha rebut el suport de la Fundaci\u00f3 Llu\u00eds Coromina, l\u2019associaci\u00f3 Passatges de Cultura Contempor\u00e0nia, la revista Bonart o la Diputaci\u00f3 de Girona, entre d\u2019altres.<\/p>\n<p>La inauguraci\u00f3 de la nova exposici\u00f3 a l\u2019Espai Isern Dalmau de Barcelona es dur\u00e0 a terme el dijous 10 de mar\u00e7 a les 19 h, i comptar\u00e0 amb la pres\u00e8ncia del secretari general del Departament de la Vicepresid\u00e8ncia i de Pol\u00edtiques Digitals i Territori de la Generalitat de Catalunya, Ricard Font; els dos arquitectes creadors del projecte, Joan Falgueras i Jordi Pigem; els comissaris de la mostra, Pilar Parcerisas, presidenta de la Fundaci\u00f3 Angelus Novus, i Ricard Planas, director de la Fundaci\u00f3 Llu\u00eds Coromina, i l\u2019artista multidisciplinari Manel Bayo.<\/p>\n<p><strong>La mostra es podr\u00e0 visitar a l\u2019Espai Isern Dalmau de la Fundaci\u00f3 Llu\u00eds Coromina<\/strong> <strong>fins al 15 de juny de 2022<\/strong>, de dimarts a divendres de 17 h a 20 h i els dissabtes de 10 h a 13 h.<\/p>\n<p>&nbsp;<\/p>\n<p><strong>Walter Benjamin i la seva casa a Portbou<\/strong><\/p>\n<p>Walter Benjamin va ser un intel\u00b7lectual alemany d\u2019origen jueu amb gran rellev\u00e0ncia durant el segle XX. Escriptor, fil\u00f2sof, cr\u00edtic literari i assagista, \u00e9s considerat una veus cr\u00edtiques, heterodoxes i prof\u00e8tiques m\u00e9s singulars. Del 1933 al 1940 pat\u00ed l\u2019exili i la persecuci\u00f3 del nazisme, fins a travessar els Pirineus a peu i estant malalt, amb l\u2019objectiu d\u2019anar cap als Estats Units. A l\u2019arribar a Portbou, abans de creuar la frontera, va ser detingut i, al saber que seria repatriat i entregat a la Gestapo, prefer\u00ed acabar la seva vida en aquest poble fronterer, on va ser enterrat.<\/p>\n<p>D\u2019aquesta forma, Portbou tanca el recorregut de la geografia europea de Walter Benjamin (Berl\u00edn-Par\u00eds-Portbou), i converteix el poble fronterer en un lloc significatiu que il\u00b7lustra l\u2019episodi trist de l\u2019exili, per\u00f2 tamb\u00e9 les fronteres de pensament que han donat vig\u00e8ncia al fil\u00f2sof alemany durant l\u2019\u00e8poca actual. La futura Casa Walter Benjamin, situada ales antigues escoles i l\u2019antic Ajuntament de Portbou, edifici hist\u00f2ric de gran c\u00e0rrega simb\u00f2lica reconegut com a B\u00e9 Cultural d\u2019Inter\u00e8s Local (BCIL), vol explicar de forma permanent la mem\u00f2ria del pas de Benjamin per Portbou i acollir el seu pensament, aix\u00ed com ser centre d\u2019estudis i recerca de vocaci\u00f3 internacional per a la difusi\u00f3, promoci\u00f3 i comprensi\u00f3 d\u2019aquesta figura universal. Es pot trobar m\u00e9s informaci\u00f3 d\u2019aquest projecte impulsat per la Fundaci\u00f3 Angelus Novus i l\u2019Ajuntament de Portbou<a href=\"https:\/\/walterbenjaminportbou.org\/fundacio-angelus-novus\/\" target=\"_blank\" rel=\"noopener\"> en aquest enlla\u00e7<\/a>.<\/p>\n<p>&nbsp;<\/p>\n","protected":false},"excerpt":{"rendered":"<p>La Fundaci\u00f3 Llu\u00eds Coromina acull l\u2019exposici\u00f3 Una casa per a Walter Benjamin a l\u2019Espai Isern Dalmau de Barcelona, una mostra &#8230;<\/p>\n","protected":false},"author":2,"featured_media":5615,"comment_status":"open","ping_status":"open","sticky":false,"template":"","format":"standard","meta":{"footnotes":""},"categories":[14,15,10,228,9,12],"tags":[],"class_list":["post-5611","post","type-post","status-publish","format-standard","has-post-thumbnail","hentry","category-accions-culturals","category-accions-socials","category-activitats","category-exposicions-espai-isern-dalmau","category-historic","category-publicacions"],"_links":{"self":[{"href":"http:\/\/fundaciolluiscoromina.org\/index.php\/wp-json\/wp\/v2\/posts\/5611","targetHints":{"allow":["GET"]}}],"collection":[{"href":"http:\/\/fundaciolluiscoromina.org\/index.php\/wp-json\/wp\/v2\/posts"}],"about":[{"href":"http:\/\/fundaciolluiscoromina.org\/index.php\/wp-json\/wp\/v2\/types\/post"}],"author":[{"embeddable":true,"href":"http:\/\/fundaciolluiscoromina.org\/index.php\/wp-json\/wp\/v2\/users\/2"}],"replies":[{"embeddable":true,"href":"http:\/\/fundaciolluiscoromina.org\/index.php\/wp-json\/wp\/v2\/comments?post=5611"}],"version-history":[{"count":0,"href":"http:\/\/fundaciolluiscoromina.org\/index.php\/wp-json\/wp\/v2\/posts\/5611\/revisions"}],"wp:attachment":[{"href":"http:\/\/fundaciolluiscoromina.org\/index.php\/wp-json\/wp\/v2\/media?parent=5611"}],"wp:term":[{"taxonomy":"category","embeddable":true,"href":"http:\/\/fundaciolluiscoromina.org\/index.php\/wp-json\/wp\/v2\/categories?post=5611"},{"taxonomy":"post_tag","embeddable":true,"href":"http:\/\/fundaciolluiscoromina.org\/index.php\/wp-json\/wp\/v2\/tags?post=5611"}],"curies":[{"name":"wp","href":"https:\/\/api.w.org\/{rel}","templated":true}]}}