{"id":5619,"date":"2022-03-22T09:53:48","date_gmt":"2022-03-22T08:53:48","guid":{"rendered":"http:\/\/www.fundaciolluiscoromina.org\/?p=5619"},"modified":"2022-03-22T09:53:48","modified_gmt":"2022-03-22T08:53:48","slug":"presentacio-del-nou-llibre-de-pere-llorens-a-lespai-eat-art","status":"publish","type":"post","link":"http:\/\/fundaciolluiscoromina.org\/index.php\/2022\/03\/22\/presentacio-del-nou-llibre-de-pere-llorens-a-lespai-eat-art\/","title":{"rendered":"Presentaci\u00f3 del nou llibre de Pere Llorens, a l\u2019Espai Eat Art"},"content":{"rendered":"<p>L\u2019Espai Eat Art de Banyoles acull aquest divendres 25 de mar\u00e7 la presentaci\u00f3 del llibre <em>Mem\u00f2ries d\u2019un poble en temps de postguerra. Hist\u00f2ries i an\u00e8cdotes de Crespi\u00e0<\/em>, de Pere Llorens i Ros. Organitzada per l\u2019editorial MMV Edicions, l\u2019activitat tindr\u00e0 lloc a les 19 h i comptar\u00e0 amb la participaci\u00f3 de l\u2019autor i de Narc\u00eds Vidal, crespianenc i regidor de l\u2019Ajuntament de Porqueres. La presentaci\u00f3 de l\u2019acte anir\u00e0 a c\u00e0rrec d\u2019Ernest Costa, fot\u00f2graf i escriptor naturalista guardonat amb la Creu de Sant Jordi 2021.<\/p>\n<p><a href=\"http:\/\/www.fundaciolluiscoromina.org\/wp-content\/uploads\/2022\/03\/invita.jpg\" target=\"_blank\" rel=\"noopener\"><img loading=\"lazy\" decoding=\"async\" class=\"alignnone wp-image-5623\" src=\"http:\/\/www.fundaciolluiscoromina.org\/wp-content\/uploads\/2022\/03\/invita-300x212.jpg\" alt=\"\" width=\"428\" height=\"302\" \/><\/a><\/p>\n<p>El llibre <em>Mem\u00f2ries d\u2019un poble en temps de postguerra. Hist\u00f2ries i an\u00e8cdotes de Crespi\u00e0<\/em> \u00e9s com un \u00e0lbum de records. Permet seguir la quotidianitat de les festes, les viv\u00e8ncies, els oficis, les instant\u00e0nies familiars, l\u2019escola, el dia a dia de la gent i un llarg ventall de temes que ens apropen al sentit de les tradicions que perviuen per voluntat popular al poble de Crespi\u00e0 i rodalies. Un recull d\u2019hist\u00f2ries personals de temps no gaire llunyans, recopilades per l\u2019autor Pere Llorens i que preserven la cultura popular i tradicional del territori.<\/p>\n","protected":false},"excerpt":{"rendered":"<p>L\u2019Espai Eat Art de Banyoles acull aquest divendres 25 de mar\u00e7 la presentaci\u00f3 del llibre Mem\u00f2ries d\u2019un poble en temps &#8230;<\/p>\n","protected":false},"author":2,"featured_media":5622,"comment_status":"open","ping_status":"open","sticky":false,"template":"","format":"standard","meta":{"footnotes":""},"categories":[14,15,10,9,12],"tags":[],"class_list":["post-5619","post","type-post","status-publish","format-standard","has-post-thumbnail","hentry","category-accions-culturals","category-accions-socials","category-activitats","category-historic","category-publicacions"],"_links":{"self":[{"href":"http:\/\/fundaciolluiscoromina.org\/index.php\/wp-json\/wp\/v2\/posts\/5619","targetHints":{"allow":["GET"]}}],"collection":[{"href":"http:\/\/fundaciolluiscoromina.org\/index.php\/wp-json\/wp\/v2\/posts"}],"about":[{"href":"http:\/\/fundaciolluiscoromina.org\/index.php\/wp-json\/wp\/v2\/types\/post"}],"author":[{"embeddable":true,"href":"http:\/\/fundaciolluiscoromina.org\/index.php\/wp-json\/wp\/v2\/users\/2"}],"replies":[{"embeddable":true,"href":"http:\/\/fundaciolluiscoromina.org\/index.php\/wp-json\/wp\/v2\/comments?post=5619"}],"version-history":[{"count":0,"href":"http:\/\/fundaciolluiscoromina.org\/index.php\/wp-json\/wp\/v2\/posts\/5619\/revisions"}],"wp:attachment":[{"href":"http:\/\/fundaciolluiscoromina.org\/index.php\/wp-json\/wp\/v2\/media?parent=5619"}],"wp:term":[{"taxonomy":"category","embeddable":true,"href":"http:\/\/fundaciolluiscoromina.org\/index.php\/wp-json\/wp\/v2\/categories?post=5619"},{"taxonomy":"post_tag","embeddable":true,"href":"http:\/\/fundaciolluiscoromina.org\/index.php\/wp-json\/wp\/v2\/tags?post=5619"}],"curies":[{"name":"wp","href":"https:\/\/api.w.org\/{rel}","templated":true}]}}