{"id":5628,"date":"2022-03-18T10:03:50","date_gmt":"2022-03-18T09:03:50","guid":{"rendered":"http:\/\/www.fundaciolluiscoromina.org\/?p=5628"},"modified":"2022-03-18T10:03:50","modified_gmt":"2022-03-18T09:03:50","slug":"la-fundacio-assisteix-a-la-primera-trobada-de-fundacions-culturals-a-lespluga-de-francoli","status":"publish","type":"post","link":"http:\/\/fundaciolluiscoromina.org\/index.php\/2022\/03\/18\/la-fundacio-assisteix-a-la-primera-trobada-de-fundacions-culturals-a-lespluga-de-francoli\/","title":{"rendered":"La Fundaci\u00f3 assisteix a la primera trobada de fundacions culturals a l\u2019Espluga de Francol\u00ed"},"content":{"rendered":"<p>La Fundaci\u00f3 Llu\u00eds Coromina ha format part de la <strong>primera trobada de fundacions culturals de Tarragona i Terres de l\u2019Ebre<\/strong>, com a membre de la comissi\u00f3 de cultura de la Coordinadora Catalana de Fundacions, entitat organitzadora de l\u2019activitat. La trobada, que ha comptat amb la col\u00b7laboraci\u00f3 del Museu de la Vida Rural de la Fundaci\u00f3 Carulla, espai on s\u2019ha realitzat la jornada, ha tingut com a principal objectiu afavorir la creaci\u00f3 de vincles entre fundacions, impulsar projectes d&#8217;inter\u00e8s com\u00fa i compartir espais de debat per generar sinergies i afrontar possibles reptes de futur.\u00a0L\u2019acte, on s&#8217;han tractat diversos temes com l\u2019impacte de la Covid-19 o la situaci\u00f3 actual d\u2019algunes fundacions culturals del territori, ha tingut lloc aquest dijous 17 de mar\u00e7 al museu de l\u2019Espluga de Francol\u00ed i ha culminat amb una din\u00e0mica participativa amb diversos grups de treball.<\/p>\n<p><a href=\"http:\/\/www.fundaciolluiscoromina.org\/wp-content\/uploads\/2022\/03\/Foto1.jpg\"><img loading=\"lazy\" decoding=\"async\" class=\"alignnone wp-image-5631\" src=\"http:\/\/www.fundaciolluiscoromina.org\/wp-content\/uploads\/2022\/03\/Foto1-300x225.jpg\" alt=\"\" width=\"360\" height=\"270\" \/><\/a><\/p>\n","protected":false},"excerpt":{"rendered":"<p>La Fundaci\u00f3 Llu\u00eds Coromina ha format part de la primera trobada de fundacions culturals de Tarragona i Terres de l\u2019Ebre, &#8230;<\/p>\n","protected":false},"author":2,"featured_media":5630,"comment_status":"open","ping_status":"open","sticky":false,"template":"","format":"standard","meta":{"footnotes":""},"categories":[10],"tags":[],"class_list":["post-5628","post","type-post","status-publish","format-standard","has-post-thumbnail","hentry","category-activitats"],"_links":{"self":[{"href":"http:\/\/fundaciolluiscoromina.org\/index.php\/wp-json\/wp\/v2\/posts\/5628","targetHints":{"allow":["GET"]}}],"collection":[{"href":"http:\/\/fundaciolluiscoromina.org\/index.php\/wp-json\/wp\/v2\/posts"}],"about":[{"href":"http:\/\/fundaciolluiscoromina.org\/index.php\/wp-json\/wp\/v2\/types\/post"}],"author":[{"embeddable":true,"href":"http:\/\/fundaciolluiscoromina.org\/index.php\/wp-json\/wp\/v2\/users\/2"}],"replies":[{"embeddable":true,"href":"http:\/\/fundaciolluiscoromina.org\/index.php\/wp-json\/wp\/v2\/comments?post=5628"}],"version-history":[{"count":0,"href":"http:\/\/fundaciolluiscoromina.org\/index.php\/wp-json\/wp\/v2\/posts\/5628\/revisions"}],"wp:attachment":[{"href":"http:\/\/fundaciolluiscoromina.org\/index.php\/wp-json\/wp\/v2\/media?parent=5628"}],"wp:term":[{"taxonomy":"category","embeddable":true,"href":"http:\/\/fundaciolluiscoromina.org\/index.php\/wp-json\/wp\/v2\/categories?post=5628"},{"taxonomy":"post_tag","embeddable":true,"href":"http:\/\/fundaciolluiscoromina.org\/index.php\/wp-json\/wp\/v2\/tags?post=5628"}],"curies":[{"name":"wp","href":"https:\/\/api.w.org\/{rel}","templated":true}]}}