{"id":5634,"date":"2022-03-29T12:22:39","date_gmt":"2022-03-29T10:22:39","guid":{"rendered":"http:\/\/www.fundaciolluiscoromina.org\/?p=5634"},"modified":"2022-03-29T12:22:39","modified_gmt":"2022-03-29T10:22:39","slug":"67e-concurs-internacional-de-musica-maria-canals-amb-la-collaboracio-de-la-fundacio","status":"publish","type":"post","link":"http:\/\/fundaciolluiscoromina.org\/index.php\/2022\/03\/29\/67e-concurs-internacional-de-musica-maria-canals-amb-la-collaboracio-de-la-fundacio\/","title":{"rendered":"67\u00e8 Concurs Internacional de M\u00fasica Maria Canals, amb la col\u00b7laboraci\u00f3 de la Fundaci\u00f3"},"content":{"rendered":"<p>La Fundaci\u00f3 Llu\u00eds Coromina col\u00b7labora en el 67\u00e8 Concurs Internacional de M\u00fasica Maria Canals amb el Premi Fundaci\u00f3 Llu\u00eds Coromina, de l\u2019apartat Premis Concert. Amb una aportaci\u00f3 de 1.500\u20ac i un concert en el marc de la programaci\u00f3 d\u2019estiu de l\u2019Auditori de Girona per a un dels finalistes, aquest premi est\u00e0 estretamet lligat al vincle de la presidenta d&#8217;honor de la Fundaci\u00f3, la Sra. Montserrat Isern, amb aquest cert\u00e0men.<\/p>\n<p>El Concurs Internacional de M\u00fasica Maria Canals celebra la seva 67a edici\u00f3 entre el 26 de mar\u00e7 i el 7 d\u2019abril al Palau de la M\u00fasica Catalana. Amb la col\u00b7laboraci\u00f3 d\u2019altres entitats com la Fundaci\u00f3 Jes\u00fas Serra o la Fundaci\u00f3 Carulla, entre d\u2019altres, els artistes participants opten a diversos guardons i reconeixements, valorats amb m\u00e9s de 80.000\u20ac. El jurat d\u2019enguany est\u00e0 format per diferents m\u00fasics internacionals de renom com Carlos Cebro, Enrique Bagaria, Akiko Ebi o Anna Malikova, entre d\u2019altres artistes i personalitats reconegudes.<\/p>\n<p>La Gran Final tindr\u00e0 lloc el dimecres 6 d\u2019abril a la Sala de Concerts del Palau de la M\u00fasica i, el dia seg\u00fcent, dijous 7 d\u2019abril, es dur\u00e0 a terme el lliurament oficial de premis al Sal\u00f3 de Cent de l\u2019Ajutament de Barcelona, en un acte que \u00e9s un homenatge a l\u2019esfor\u00e7 dels guardonats, el jurat i tamb\u00e9 a tots els donants de premis, essencials per fer possible aquesta festa del pianisme mundial.<\/p>\n<p>Tota la informaci\u00f3 del 67\u00e8 Concurs Internacional de M\u00fasica Maria Canals es pot trobar\u00a0<a href=\"https:\/\/www.mariacanals.org\/concurs\/\" target=\"_blank\" rel=\"noopener\"><strong>en aquest enlla\u00e7<\/strong><\/a>.<\/p>\n<p><strong>Concurs Internacional de M\u00fasica Maria Canals<\/strong><\/p>\n<p>L\u2019associaci\u00f3 del Concurs Internacional de M\u00fasica Maria Canals \u00e9s una entitat sense \u00e0nim de lucre declarada d\u2019Utilitat P\u00fablica que t\u00e9 com a finalitat principal ajudar els joves int\u00e8rprets de tot el m\u00f3n que es volen dedicar professionalment a la pr\u00e0ctica musical, a trav\u00e9s de l\u2019organitzaci\u00f3 anual del\u00a0Concurs Internacional de M\u00fasica Maria Canals de Barcelona (MCB) des de l\u2019any 1954.<\/p>\n<p>L\u2019associaci\u00f3 tamb\u00e9 treballa des de fa anys per trencar les barreres socials, culturals i ideol\u00f2giques que tradicionalment han dificultat l\u2019acc\u00e9s majoritari a la pr\u00e0ctica musical, especialment en l\u2019\u00e0mbit de la m\u00fasica cl\u00e0ssica i del piano, a trav\u00e9s de l\u2019organitzaci\u00f3 de<strong>\u00a0l\u2019OFF Concurs.\u00a0<\/strong><\/p>\n<p>L\u2019OFF \u00e9s el programa\u00a0<strong>divulgatiu, educatiu i social<\/strong>\u00a0de l\u2019Associaci\u00f3 Maria Canals Barcelona que inclou totes les iniciatives que van m\u00e9s enll\u00e0 del prestigiat concurs i que promouen l\u2019acc\u00e9s a la m\u00fasica i la pr\u00e0ctica amateur per part de grans i petits, en l\u2019educaci\u00f3 reglada i no reglada, per transmetre que l\u2019exercici i el gaudi de la m\u00fasica s\u00f3n essencials per al desenvolupament personal de tots i totes.<\/p>\n","protected":false},"excerpt":{"rendered":"<p>La Fundaci\u00f3 Llu\u00eds Coromina col\u00b7labora en el 67\u00e8 Concurs Internacional de M\u00fasica Maria Canals amb el Premi Fundaci\u00f3 Llu\u00eds Coromina, &#8230;<\/p>\n","protected":false},"author":2,"featured_media":5635,"comment_status":"open","ping_status":"open","sticky":false,"template":"","format":"standard","meta":{"footnotes":""},"categories":[14,15,9,12],"tags":[],"class_list":["post-5634","post","type-post","status-publish","format-standard","has-post-thumbnail","hentry","category-accions-culturals","category-accions-socials","category-historic","category-publicacions"],"_links":{"self":[{"href":"http:\/\/fundaciolluiscoromina.org\/index.php\/wp-json\/wp\/v2\/posts\/5634","targetHints":{"allow":["GET"]}}],"collection":[{"href":"http:\/\/fundaciolluiscoromina.org\/index.php\/wp-json\/wp\/v2\/posts"}],"about":[{"href":"http:\/\/fundaciolluiscoromina.org\/index.php\/wp-json\/wp\/v2\/types\/post"}],"author":[{"embeddable":true,"href":"http:\/\/fundaciolluiscoromina.org\/index.php\/wp-json\/wp\/v2\/users\/2"}],"replies":[{"embeddable":true,"href":"http:\/\/fundaciolluiscoromina.org\/index.php\/wp-json\/wp\/v2\/comments?post=5634"}],"version-history":[{"count":0,"href":"http:\/\/fundaciolluiscoromina.org\/index.php\/wp-json\/wp\/v2\/posts\/5634\/revisions"}],"wp:attachment":[{"href":"http:\/\/fundaciolluiscoromina.org\/index.php\/wp-json\/wp\/v2\/media?parent=5634"}],"wp:term":[{"taxonomy":"category","embeddable":true,"href":"http:\/\/fundaciolluiscoromina.org\/index.php\/wp-json\/wp\/v2\/categories?post=5634"},{"taxonomy":"post_tag","embeddable":true,"href":"http:\/\/fundaciolluiscoromina.org\/index.php\/wp-json\/wp\/v2\/tags?post=5634"}],"curies":[{"name":"wp","href":"https:\/\/api.w.org\/{rel}","templated":true}]}}