{"id":5639,"date":"2022-04-01T11:31:00","date_gmt":"2022-04-01T09:31:00","guid":{"rendered":"http:\/\/www.fundaciolluiscoromina.org\/?p=5639"},"modified":"2022-04-01T11:31:00","modified_gmt":"2022-04-01T09:31:00","slug":"el-blanc-illumina-de-lluis-vila-nova-exposicio-a-lespai-eat-art-de-banyoles","status":"publish","type":"post","link":"http:\/\/fundaciolluiscoromina.org\/index.php\/2022\/04\/01\/el-blanc-illumina-de-lluis-vila-nova-exposicio-a-lespai-eat-art-de-banyoles\/","title":{"rendered":"\u2018El blanc il\u00b7lumina\u2019 de Llu\u00eds Vil\u00e0, nova exposici\u00f3 a l\u2019Espai Eat Art de Banyoles"},"content":{"rendered":"<p>La Fundaci\u00f3 Llu\u00eds Coromina presenta <em>El blanc il\u00b7lumina<\/em>, una mostra d\u2019escultures de l\u2019artista catal\u00e0 Llu\u00eds Vil\u00e0. L\u2019exposici\u00f3, que s\u2019inaugurar\u00e0 el pr\u00f2xim dimarts 5 d\u2019abril a les 19 h a l\u2019Espai Eat Art de Banyoles i comptar\u00e0 amb la pres\u00e8ncia de Llu\u00eds Coromina i Ricard Planas, president i director de la Fundaci\u00f3, es podr\u00e0 visitar fins al dissabte 30 d\u2019abril.<\/p>\n<p>La mostra <em>El blanc il\u00b7lumina <\/em>se centra en la s\u00e8rie d\u2019escultures <em>Nautes<\/em> de Llu\u00eds Vil\u00e0, un conjunt de figures antropomorfes que incorporen un element recurrent al llarg de la traject\u00f2ria de l\u2019artista: el pa, s\u00edmbol de la nostra civilitzaci\u00f3. Els <em>Nautes<\/em> s\u00f3n peces escult\u00f2riques en forma de personatges que s\u2019enfronten a all\u00f2 desconegut, amb una barreja de consci\u00e8ncia i inconsci\u00e8ncia marcada per una curiositat sense l\u00edmits. <em>El blanc il\u00b7lumina<\/em> \u00e9s un viatge vers la humanitat, amb un conjunt d\u2019escultures \u00faniques, algunes d\u2019elles amb branques i refer\u00e8ncies a la natura, en qu\u00e8 s\u2019explicita l\u2019\u00e9sser hum\u00e0 com a part d\u2019un tot.<\/p>\n<p>L&#8217;exposici\u00f3 es podr\u00e0 visitar del dimarts 5 al dissabte 30 d&#8217;abril a l&#8217;Espai Eat Art de Banyoles en el seg\u00fcents horaris: divendres de 17 h a 20:30 h; dissabtes de 10:30 h a 13:30 h i de 17 h a 20:30 h, i diumenges de 10:30 h a 20:30 h.<\/p>\n<p>&nbsp;<\/p>\n<p><strong>Llu\u00eds Vil\u00e0<\/strong><\/p>\n<p>Llu\u00eds Vil\u00e0 i Vendrell\u00a0fou un artista catal\u00e0 amb una \u00e0mplia traject\u00f2ria en pintura, escultura i disseny. Va iniciar la seva activitat art\u00edstica a principis dels anys 70 i, des dels seus inicis fins a mitjans dels anys 80, va treballar en el camp de la investigaci\u00f3 i la instal\u00b7laci\u00f3 dins els corrents conceptuals de l&#8217;<em>eat art<\/em> i l&#8217;<em>art fungible<\/em>. \u00a0Amb el pas del temps, va deixar enrere les refer\u00e8ncies directes als elements comestibles i, sense perdre la seva ess\u00e8ncia, va comen\u00e7ar a treballar amb nous materials com el ferro i la pintura sobre paper. En aquesta nova etapa, es va interessar per l&#8217;embolcall del menjar en conserva, \u00e9s a dir, les llaunes, i va presentar diverses escultures amb ferro i sense volum, que van ser presentades a la\u00a0Sala Vin\u00e7on\u00a0de Barcelona (1990) i a la Sala Tr\u00e1nsito de\u00a0Madrid\u00a0(1991).<\/p>\n<p>Una constant en la seva obra \u00e9s la utilitzaci\u00f3 de materials fungibles, aix\u00ed com la seva cr\u00edtica dirigida a la societat de consum, que va quedar perfectament reflectida a l&#8217;exposici\u00f3\u00a0<em>\u00c0lef<\/em>\u00a0(1996), treball en qu\u00e8 va utilitzar la seva pr\u00f2pia sang com a pintura i que es va presentar a la galeria Alter Ego de Barcelona. A partir d&#8217;aquest moment, integra el seu propi llenguatge pict\u00f2ric i escult\u00f2ric i crea diverses s\u00e8ries d\u2019escultures com \u00a0Navegants\u00a0(1995-1997), Contraris (1995) o\u00a0Logos\u00a0(2001). Un dels treballs m\u00e9s recents es\u00a0Nautes\u00a0(2006), una obra que s&#8217;acosta cada vegada m\u00e9s a l&#8217;art conceptual i en qu\u00e8 l&#8217;artista reflexiona amb un to ir\u00f2nic, paradoxal i cr\u00edtic a trav\u00e9s d\u2019escultures i pintures de cos infantil que renuncien a la seva iconografia del cos habitual.<\/p>\n","protected":false},"excerpt":{"rendered":"<p>La Fundaci\u00f3 Llu\u00eds Coromina presenta El blanc il\u00b7lumina, una mostra d\u2019escultures de l\u2019artista catal\u00e0 Llu\u00eds Vil\u00e0. L\u2019exposici\u00f3, que s\u2019inaugurar\u00e0 el &#8230;<\/p>\n","protected":false},"author":2,"featured_media":5640,"comment_status":"open","ping_status":"open","sticky":false,"template":"","format":"standard","meta":{"footnotes":""},"categories":[14,15,10,17,9,12],"tags":[],"class_list":["post-5639","post","type-post","status-publish","format-standard","has-post-thumbnail","hentry","category-accions-culturals","category-accions-socials","category-activitats","category-exposicions-espai-eat-art","category-historic","category-publicacions"],"_links":{"self":[{"href":"http:\/\/fundaciolluiscoromina.org\/index.php\/wp-json\/wp\/v2\/posts\/5639","targetHints":{"allow":["GET"]}}],"collection":[{"href":"http:\/\/fundaciolluiscoromina.org\/index.php\/wp-json\/wp\/v2\/posts"}],"about":[{"href":"http:\/\/fundaciolluiscoromina.org\/index.php\/wp-json\/wp\/v2\/types\/post"}],"author":[{"embeddable":true,"href":"http:\/\/fundaciolluiscoromina.org\/index.php\/wp-json\/wp\/v2\/users\/2"}],"replies":[{"embeddable":true,"href":"http:\/\/fundaciolluiscoromina.org\/index.php\/wp-json\/wp\/v2\/comments?post=5639"}],"version-history":[{"count":0,"href":"http:\/\/fundaciolluiscoromina.org\/index.php\/wp-json\/wp\/v2\/posts\/5639\/revisions"}],"wp:attachment":[{"href":"http:\/\/fundaciolluiscoromina.org\/index.php\/wp-json\/wp\/v2\/media?parent=5639"}],"wp:term":[{"taxonomy":"category","embeddable":true,"href":"http:\/\/fundaciolluiscoromina.org\/index.php\/wp-json\/wp\/v2\/categories?post=5639"},{"taxonomy":"post_tag","embeddable":true,"href":"http:\/\/fundaciolluiscoromina.org\/index.php\/wp-json\/wp\/v2\/tags?post=5639"}],"curies":[{"name":"wp","href":"https:\/\/api.w.org\/{rel}","templated":true}]}}