{"id":5652,"date":"2022-04-21T15:29:04","date_gmt":"2022-04-21T13:29:04","guid":{"rendered":"http:\/\/www.fundaciolluiscoromina.org\/?p=5652"},"modified":"2022-04-21T15:29:04","modified_gmt":"2022-04-21T13:29:04","slug":"diada-de-sant-jordi-a-lespai-eat-art-de-banyoles-2","status":"publish","type":"post","link":"http:\/\/fundaciolluiscoromina.org\/index.php\/2022\/04\/21\/diada-de-sant-jordi-a-lespai-eat-art-de-banyoles-2\/","title":{"rendered":"Diada de Sant Jordi, a l\u2019Espai Eat Art de Banyoles"},"content":{"rendered":"<p>Amb motiu de la celebraci\u00f3 de la diada de Sant Jordi, la Fundaci\u00f3 Llu\u00eds Coromina obrir\u00e0 les portes de l\u2019Espai Eat Art i oferir\u00e0 la possibilitat de comprar el llibre <em>Llu\u00eds Vil\u00e0. Nautes i Absolut<\/em>, una obra contundent i contempor\u00e0nia sobre l\u2019artista banyol\u00ed editada per la propia Fundaci\u00f3. Les persones interessades, que tamb\u00e9 podran visitar l\u2019exposici\u00f3 <em>El blanc il\u00b7lumina<\/em> de Llu\u00eds Vil\u00e0, podran adquirir la publicaci\u00f3 aquest dissabte 23 d\u2019abril en l\u2019horari habitual de visites: de 10:30 h a 13:30 h i de 17 h a 20:30 h.<\/p>\n<p><strong>El llibre <em>Llu\u00eds Vil\u00e0. Nautes i Absolut<\/em><\/strong><\/p>\n<p>Format per diverses imatges de les principals obres art\u00edstiques de l\u2019artista banyol\u00ed Llu\u00eds Vil\u00e0, aix\u00ed com per alguns textos literaris de diferents cr\u00edtics d\u2019art de Catalunya, el llibre <em>Llu\u00eds Vil\u00e0. Nautes i Absolut<\/em> ha estat ideat i editat per la mateixa Fundaci\u00f3 Llu\u00eds Coromina, amb la col\u00b7laboraci\u00f3 de la Diputaci\u00f3 de Girona i l\u2019Ajuntament de Banyoles.<\/p>\n<p>La publicaci\u00f3 \u00e9s una combinaci\u00f3 de text i imatge. Per una banda, inclou diversos escrits d\u2019alguns dels principals cr\u00edtics de l\u2019escena art\u00edstica catalana, com s\u00f3n Maria Llu\u00efsa Borr\u00e0s, Gl\u00f2ria Bosch, Eudald Camps, Anna Carreras, Quim Fern\u00e1ndez, Salvador Garcia-Arb\u00f3s, Daniel Giralt-Miracle, Aina Mercader, Conxita Oliver, Pilar Parcerisas, Albert Serra, Arnau Puig i Ricard Planas Camps.<\/p>\n<p>Per altra banda, el llibre agrupa les obres de Llu\u00eds Vil\u00e0 en dues s\u00e8ries: <em>Nautes<\/em>, un recull de pintures sobre paper i escultures de t\u00e8cnica mixta creades entre els anys 2006 i 2009, i <em>Absolut<\/em>, un conjunt d\u2019obres de t\u00e8cnica sobre tela elaborades entre el 2009 i el 2010. Mentre que la primera s\u00e8rie engloba diverses escultures que podrien ser definides com a \u201cm\u00f2mies modernes\u201d, ja que naveguen per la cultura contempor\u00e0nia al mateix temps que interpel\u00b7len el m\u00f3n egipci, la segona part de l\u2019obra pict\u00f2rica de l\u2019artista es basa en el blanc absolut, en la puresa blanca que permet arribar a la sensibilitat d\u2019all\u00f2 immaterial a trav\u00e9s de la mat\u00e8ria.<\/p>\n","protected":false},"excerpt":{"rendered":"<p>Amb motiu de la celebraci\u00f3 de la diada de Sant Jordi, la Fundaci\u00f3 Llu\u00eds Coromina obrir\u00e0 les portes de l\u2019Espai &#8230;<\/p>\n","protected":false},"author":2,"featured_media":5655,"comment_status":"open","ping_status":"open","sticky":false,"template":"","format":"standard","meta":{"footnotes":""},"categories":[14,15,17],"tags":[],"class_list":["post-5652","post","type-post","status-publish","format-standard","has-post-thumbnail","hentry","category-accions-culturals","category-accions-socials","category-exposicions-espai-eat-art"],"_links":{"self":[{"href":"http:\/\/fundaciolluiscoromina.org\/index.php\/wp-json\/wp\/v2\/posts\/5652","targetHints":{"allow":["GET"]}}],"collection":[{"href":"http:\/\/fundaciolluiscoromina.org\/index.php\/wp-json\/wp\/v2\/posts"}],"about":[{"href":"http:\/\/fundaciolluiscoromina.org\/index.php\/wp-json\/wp\/v2\/types\/post"}],"author":[{"embeddable":true,"href":"http:\/\/fundaciolluiscoromina.org\/index.php\/wp-json\/wp\/v2\/users\/2"}],"replies":[{"embeddable":true,"href":"http:\/\/fundaciolluiscoromina.org\/index.php\/wp-json\/wp\/v2\/comments?post=5652"}],"version-history":[{"count":0,"href":"http:\/\/fundaciolluiscoromina.org\/index.php\/wp-json\/wp\/v2\/posts\/5652\/revisions"}],"wp:attachment":[{"href":"http:\/\/fundaciolluiscoromina.org\/index.php\/wp-json\/wp\/v2\/media?parent=5652"}],"wp:term":[{"taxonomy":"category","embeddable":true,"href":"http:\/\/fundaciolluiscoromina.org\/index.php\/wp-json\/wp\/v2\/categories?post=5652"},{"taxonomy":"post_tag","embeddable":true,"href":"http:\/\/fundaciolluiscoromina.org\/index.php\/wp-json\/wp\/v2\/tags?post=5652"}],"curies":[{"name":"wp","href":"https:\/\/api.w.org\/{rel}","templated":true}]}}