{"id":5656,"date":"2022-04-04T10:18:27","date_gmt":"2022-04-04T08:18:27","guid":{"rendered":"http:\/\/www.fundaciolluiscoromina.org\/?p=5656"},"modified":"2022-04-04T10:18:27","modified_gmt":"2022-04-04T08:18:27","slug":"lexposicio-girona-est-x-365-de-tino-soriano-al-centre-civic-pla-de-palau","status":"publish","type":"post","link":"http:\/\/fundaciolluiscoromina.org\/index.php\/2022\/04\/04\/lexposicio-girona-est-x-365-de-tino-soriano-al-centre-civic-pla-de-palau\/","title":{"rendered":"L\u2019exposici\u00f3 &#8216;Girona Est x 365&#8217; de Tino Soriano, al Centre C\u00edvic Pla de Palau"},"content":{"rendered":"<p>L\u2019exposici\u00f3 itinerant <em>Girona Est x 365 <\/em>del fot\u00f2graf Tino Soriano arriba al Centre C\u00edvic Pla de Palau de Girona, despr\u00e9s d\u2019haver passat pel Centre C\u00edvic Onyar. La mostra d\u2019imatges, que ha comptat amb el suport de la Fundaci\u00f3 Llu\u00eds Coromina, en col\u00b7laboraci\u00f3 amb la Fundaci\u00f3 Girona Est, es podr\u00e0 visitar en aquest nou espai del 30 de mar\u00e7 al 22 d\u2019abril.<\/p>\n<p><a href=\"http:\/\/www.fundaciolluiscoromina.org\/wp-content\/uploads\/2022\/04\/IMG_8778.jpeg\"><img loading=\"lazy\" decoding=\"async\" class=\"alignnone size-medium wp-image-5658\" src=\"http:\/\/www.fundaciolluiscoromina.org\/wp-content\/uploads\/2022\/04\/IMG_8778-300x225.jpeg\" alt=\"\" width=\"300\" height=\"225\" \/><\/a><\/p>\n<p>L\u2019exposici\u00f3 <em>Girona Est x 365<\/em> \u00e9s una mostra de les imatges captades per la c\u00e0mera de Tino Soriano, reconegut fot\u00f2graf vinculat a la Fundaci\u00f3 Llu\u00eds Coromina. Durant m\u00e9s d\u2019un any, l\u2019artista ha elaborat un seguiment de la realitat de la zona Girona Est i ha plasmat l\u2019\u00e0nima i l\u2019ess\u00e8ncia d\u2019aquesta part de la ciutat en un recull fotogr\u00e0fic exclusiu dels barris de Vila Roja, la Font de la P\u00f3lvora, Mas Ramad\u00e0, el Grup Sant Daniel i la Creueta. La mostra, que anir\u00e0 itinerant pels diferents centres c\u00edvics de Girona, va estar exposada al Centre C\u00edvic Onyar entre els mesos de gener i mar\u00e7, i actualment es troba al Centre C\u00edvic Pla de Palau, situat al carrer Saragossa n\u00famero 27. Els horaris de visita s\u00f3n de dilluns a divendres de 9 h a 13 h i de 16 h a 21 h, fins al divendres 22 d\u2019abril.<\/p>\n<p>&nbsp;<\/p>\n<p><strong>Fundaci\u00f3 Girona Est<\/strong><\/p>\n<p>Nascuda la primavera del 2019 gr\u00e0cies a la iniciativa d&#8217;un grup d&#8217;empresaris i professionals, la Fundaci\u00f3 Girona Est (FGE) \u00e9s una associaci\u00f3 de ciutadans i ciutadanes que treballen conjuntament amb l&#8217;objectiu de donar suport al barri, amb especial atenci\u00f3 al seu col\u00b7lectiu m\u00e9s jove, amb iniciatives esportives, culturals, educatives i socials diverses. La finalitat dels programes que es duen a terme des de la Fundaci\u00f3 \u00e9s millorar la qualitat de vida dels seus habitants, fomentant l&#8217;empoderament dels ve\u00efns. Des de la Fundaci\u00f3 Girona Est es vol donar a con\u00e8ixer els barris de la zona est de Girona des d&#8217;una altra perspectiva, fomentant el positivisme a la zona i aconseguint que el barri s&#8217;obri a m\u00e9s gent incrementant la seva diversitat.<\/p>\n","protected":false},"excerpt":{"rendered":"<p>L\u2019exposici\u00f3 itinerant Girona Est x 365 del fot\u00f2graf Tino Soriano arriba al Centre C\u00edvic Pla de Palau de Girona, despr\u00e9s &#8230;<\/p>\n","protected":false},"author":2,"featured_media":5657,"comment_status":"open","ping_status":"open","sticky":false,"template":"","format":"standard","meta":{"footnotes":""},"categories":[14,15,10,9,12],"tags":[],"class_list":["post-5656","post","type-post","status-publish","format-standard","has-post-thumbnail","hentry","category-accions-culturals","category-accions-socials","category-activitats","category-historic","category-publicacions"],"_links":{"self":[{"href":"http:\/\/fundaciolluiscoromina.org\/index.php\/wp-json\/wp\/v2\/posts\/5656","targetHints":{"allow":["GET"]}}],"collection":[{"href":"http:\/\/fundaciolluiscoromina.org\/index.php\/wp-json\/wp\/v2\/posts"}],"about":[{"href":"http:\/\/fundaciolluiscoromina.org\/index.php\/wp-json\/wp\/v2\/types\/post"}],"author":[{"embeddable":true,"href":"http:\/\/fundaciolluiscoromina.org\/index.php\/wp-json\/wp\/v2\/users\/2"}],"replies":[{"embeddable":true,"href":"http:\/\/fundaciolluiscoromina.org\/index.php\/wp-json\/wp\/v2\/comments?post=5656"}],"version-history":[{"count":0,"href":"http:\/\/fundaciolluiscoromina.org\/index.php\/wp-json\/wp\/v2\/posts\/5656\/revisions"}],"wp:attachment":[{"href":"http:\/\/fundaciolluiscoromina.org\/index.php\/wp-json\/wp\/v2\/media?parent=5656"}],"wp:term":[{"taxonomy":"category","embeddable":true,"href":"http:\/\/fundaciolluiscoromina.org\/index.php\/wp-json\/wp\/v2\/categories?post=5656"},{"taxonomy":"post_tag","embeddable":true,"href":"http:\/\/fundaciolluiscoromina.org\/index.php\/wp-json\/wp\/v2\/tags?post=5656"}],"curies":[{"name":"wp","href":"https:\/\/api.w.org\/{rel}","templated":true}]}}